{"id":22059,"date":"2022-03-18T17:23:47","date_gmt":"2022-03-18T16:23:47","guid":{"rendered":"https:\/\/ppr-antibioresistance.inserm.fr\/?p=22059"},"modified":"2022-03-18T17:23:50","modified_gmt":"2022-03-18T16:23:50","slug":"32nd-european-congress-of-clinical-microbiology-infectious-diseases-23-26-april-2022-lisbon-portugal","status":"publish","type":"post","link":"https:\/\/ppr-antibioresistance.inserm.fr\/fr\/informations-et-communications\/evenements-colloques\/32nd-european-congress-of-clinical-microbiology-infectious-diseases-23-26-april-2022-lisbon-portugal\/","title":{"rendered":"32nd European Congress of Clinical Microbiology &#038; Infectious Diseases, 23-26 April 2022, Lisbon, Portugal"},"content":{"rendered":"\n<p>As the world\u2019s premier Clinical Microbiology &amp; Infectious Diseases event, <a href=\"https:\/\/www.gardp.org\/news-resources\/32nd-european-congress-of-clinical-microbiology-infectious-diseases\/\" target=\"_blank\" rel=\"noreferrer noopener\">ECCMID<\/a> brings together experts from many fields to present their latest findings, guidelines and experiences to an audience of over 14,000 colleagues. <\/p>\n\n\n\n<p>This year, the congress will feature a hybrid format to facilitate an onsite and online experience for attendees allowing for remote and face-to-face opportunities to take part in the multifaceted programme. <\/p>\n\n\n\n<p>The Programme Committee has developed a comprehensive scientific and educational programme incorporating Keynote Lectures and Oral Sessions, as well as Educational Workshops, Open Forums, Meet-The-Expert Sessions and a wide range of Scientific Symposia. Be sure to get involved in all of the exciting educational, social and professional events ECCMID has to offer you.<\/p>\n\n\n\n<p>Registration and accommodation <a href=\"https:\/\/www.eccmid.org\/registration_accommodation\/registration\/\" target=\"_blank\" rel=\"noreferrer noopener\">on this page<\/a><\/p>\n","protected":false},"excerpt":{"rendered":"<p>As the world\u2019s premier Clinical Microbiology &amp; Infectious Diseases event, ECCMID brings together experts from many fields to present their latest findings, guidelines and experiences to an audience of over 14,000 colleagues. This year, the congress will feature a hybrid format to facilitate an onsite and online experience for attendees allowing for remote and face-to-face [&hellip;]<\/p>\n","protected":false},"author":139,"featured_media":22065,"comment_status":"closed","ping_status":"open","sticky":false,"template":"","format":"standard","meta":{"footnotes":"","_links_to":"","_links_to_target":""},"categories":[35],"tags":[],"acf":[],"yoast_head":"<!-- This site is optimized with the Yoast SEO plugin v22.8 - https:\/\/yoast.com\/wordpress\/plugins\/seo\/ -->\n<title>32nd European Congress of Clinical Microbiology &amp; Infectious Diseases, 23-26 April 2022, Lisbon, Portugal - Interface nationale ANTIBIOR\u00c9SISTANCE<\/title>\n<meta name=\"description\" content=\"Informations, \u00e9v\u00e8nements et actualit\u00e9s autour de l&#039;Antibior\u00e9sistance en France et \u00e0 l&#039;international.\" \/>\n<meta name=\"robots\" content=\"index, follow, max-snippet:-1, max-image-preview:large, max-video-preview:-1\" \/>\n<link rel=\"canonical\" href=\"https:\/\/ppr-antibioresistance.inserm.fr\/fr\/informations-et-communications\/evenements-colloques\/32nd-european-congress-of-clinical-microbiology-infectious-diseases-23-26-april-2022-lisbon-portugal\/\" \/>\n<meta property=\"og:locale\" content=\"fr_FR\" \/>\n<meta property=\"og:type\" content=\"article\" \/>\n<meta property=\"og:title\" content=\"32nd European Congress of Clinical Microbiology &amp; Infectious Diseases, 23-26 April 2022, Lisbon, Portugal - Interface nationale ANTIBIOR\u00c9SISTANCE\" \/>\n<meta property=\"og:description\" content=\"Informations, \u00e9v\u00e8nements et actualit\u00e9s autour de l&#039;Antibior\u00e9sistance en France et \u00e0 l&#039;international.\" \/>\n<meta property=\"og:url\" content=\"https:\/\/ppr-antibioresistance.inserm.fr\/fr\/informations-et-communications\/evenements-colloques\/32nd-european-congress-of-clinical-microbiology-infectious-diseases-23-26-april-2022-lisbon-portugal\/\" \/>\n<meta property=\"og:site_name\" content=\"Interface nationale ANTIBIOR\u00c9SISTANCE\" \/>\n<meta property=\"article:published_time\" content=\"2022-03-18T16:23:47+00:00\" \/>\n<meta property=\"article:modified_time\" content=\"2022-03-18T16:23:50+00:00\" \/>\n<meta property=\"og:image\" content=\"https:\/\/ppr-antibioresistance.inserm.fr\/wp-content\/uploads\/2022\/03\/Lisbonne2.jpg\" \/>\n\t<meta property=\"og:image:width\" content=\"825\" \/>\n\t<meta property=\"og:image:height\" content=\"576\" \/>\n\t<meta property=\"og:image:type\" content=\"image\/jpeg\" \/>\n<meta name=\"author\" content=\"\u00c9milie Noguez\" \/>\n<meta name=\"twitter:card\" content=\"summary_large_image\" \/>\n<meta name=\"twitter:label1\" content=\"\u00c9crit par\" \/>\n\t<meta name=\"twitter:data1\" content=\"\u00c9milie Noguez\" \/>\n\t<meta name=\"twitter:label2\" content=\"Dur\u00e9e de lecture estim\u00e9e\" \/>\n\t<meta name=\"twitter:data2\" content=\"1 minute\" \/>\n<script type=\"application\/ld+json\" class=\"yoast-schema-graph\">{\"@context\":\"https:\/\/schema.org\",\"@graph\":[{\"@type\":\"NewsArticle\",\"@id\":\"https:\/\/ppr-antibioresistance.inserm.fr\/fr\/informations-et-communications\/evenements-colloques\/32nd-european-congress-of-clinical-microbiology-infectious-diseases-23-26-april-2022-lisbon-portugal\/#article\",\"isPartOf\":{\"@id\":\"https:\/\/ppr-antibioresistance.inserm.fr\/fr\/informations-et-communications\/evenements-colloques\/32nd-european-congress-of-clinical-microbiology-infectious-diseases-23-26-april-2022-lisbon-portugal\/\"},\"author\":{\"name\":\"\u00c9milie Noguez\",\"@id\":\"https:\/\/ppr-antibioresistance.inserm.fr\/fr\/#\/schema\/person\/6ae79ca06cbeaec66ef5e976b54606b3\"},\"headline\":\"32nd European Congress of Clinical Microbiology &#038; Infectious Diseases, 23-26 April 2022, Lisbon, Portugal\",\"datePublished\":\"2022-03-18T16:23:47+00:00\",\"dateModified\":\"2022-03-18T16:23:50+00:00\",\"mainEntityOfPage\":{\"@id\":\"https:\/\/ppr-antibioresistance.inserm.fr\/fr\/informations-et-communications\/evenements-colloques\/32nd-european-congress-of-clinical-microbiology-infectious-diseases-23-26-april-2022-lisbon-portugal\/\"},\"wordCount\":134,\"publisher\":{\"@id\":\"https:\/\/ppr-antibioresistance.inserm.fr\/fr\/#organization\"},\"image\":{\"@id\":\"https:\/\/ppr-antibioresistance.inserm.fr\/fr\/informations-et-communications\/evenements-colloques\/32nd-european-congress-of-clinical-microbiology-infectious-diseases-23-26-april-2022-lisbon-portugal\/#primaryimage\"},\"thumbnailUrl\":\"https:\/\/ppr-antibioresistance.inserm.fr\/wp-content\/uploads\/2022\/03\/Lisbonne2.jpg\",\"articleSection\":[\"Ev\u00e8nements &amp; Colloques\"],\"inLanguage\":\"fr-FR\"},{\"@type\":[\"WebPage\",\"ItemPage\"],\"@id\":\"https:\/\/ppr-antibioresistance.inserm.fr\/fr\/informations-et-communications\/evenements-colloques\/32nd-european-congress-of-clinical-microbiology-infectious-diseases-23-26-april-2022-lisbon-portugal\/\",\"url\":\"https:\/\/ppr-antibioresistance.inserm.fr\/fr\/informations-et-communications\/evenements-colloques\/32nd-european-congress-of-clinical-microbiology-infectious-diseases-23-26-april-2022-lisbon-portugal\/\",\"name\":\"32nd European Congress of Clinical Microbiology & Infectious Diseases, 23-26 April 2022, Lisbon, Portugal - Interface nationale ANTIBIOR\u00c9SISTANCE\",\"isPartOf\":{\"@id\":\"https:\/\/ppr-antibioresistance.inserm.fr\/fr\/#website\"},\"primaryImageOfPage\":{\"@id\":\"https:\/\/ppr-antibioresistance.inserm.fr\/fr\/informations-et-communications\/evenements-colloques\/32nd-european-congress-of-clinical-microbiology-infectious-diseases-23-26-april-2022-lisbon-portugal\/#primaryimage\"},\"image\":{\"@id\":\"https:\/\/ppr-antibioresistance.inserm.fr\/fr\/informations-et-communications\/evenements-colloques\/32nd-european-congress-of-clinical-microbiology-infectious-diseases-23-26-april-2022-lisbon-portugal\/#primaryimage\"},\"thumbnailUrl\":\"https:\/\/ppr-antibioresistance.inserm.fr\/wp-content\/uploads\/2022\/03\/Lisbonne2.jpg\",\"datePublished\":\"2022-03-18T16:23:47+00:00\",\"dateModified\":\"2022-03-18T16:23:50+00:00\",\"description\":\"Informations, \u00e9v\u00e8nements et actualit\u00e9s autour de l'Antibior\u00e9sistance en France et \u00e0 l'international.\",\"breadcrumb\":{\"@id\":\"https:\/\/ppr-antibioresistance.inserm.fr\/fr\/informations-et-communications\/evenements-colloques\/32nd-european-congress-of-clinical-microbiology-infectious-diseases-23-26-april-2022-lisbon-portugal\/#breadcrumb\"},\"inLanguage\":\"fr-FR\",\"potentialAction\":[{\"@type\":\"ReadAction\",\"target\":[\"https:\/\/ppr-antibioresistance.inserm.fr\/fr\/informations-et-communications\/evenements-colloques\/32nd-european-congress-of-clinical-microbiology-infectious-diseases-23-26-april-2022-lisbon-portugal\/\"]}]},{\"@type\":\"ImageObject\",\"inLanguage\":\"fr-FR\",\"@id\":\"https:\/\/ppr-antibioresistance.inserm.fr\/fr\/informations-et-communications\/evenements-colloques\/32nd-european-congress-of-clinical-microbiology-infectious-diseases-23-26-april-2022-lisbon-portugal\/#primaryimage\",\"url\":\"https:\/\/ppr-antibioresistance.inserm.fr\/wp-content\/uploads\/2022\/03\/Lisbonne2.jpg\",\"contentUrl\":\"https:\/\/ppr-antibioresistance.inserm.fr\/wp-content\/uploads\/2022\/03\/Lisbonne2.jpg\",\"width\":825,\"height\":576,\"caption\":\"Cr\u00e9dit : Pixabay\"},{\"@type\":\"BreadcrumbList\",\"@id\":\"https:\/\/ppr-antibioresistance.inserm.fr\/fr\/informations-et-communications\/evenements-colloques\/32nd-european-congress-of-clinical-microbiology-infectious-diseases-23-26-april-2022-lisbon-portugal\/#breadcrumb\",\"itemListElement\":[{\"@type\":\"ListItem\",\"position\":1,\"name\":\"Accueil\",\"item\":\"https:\/\/ppr-antibioresistance.inserm.fr\/fr\/\"},{\"@type\":\"ListItem\",\"position\":2,\"name\":\"Infos pratiques &amp; communications\",\"item\":\"https:\/\/ppr-antibioresistance.inserm.fr\/fr\/informations-et-communications\/\"},{\"@type\":\"ListItem\",\"position\":3,\"name\":\"Ev\u00e8nements &amp; Colloques\",\"item\":\"https:\/\/ppr-antibioresistance.inserm.fr\/fr\/informations-et-communications\/evenements-colloques\/\"},{\"@type\":\"ListItem\",\"position\":4,\"name\":\"32nd European Congress of Clinical Microbiology &#038; Infectious Diseases, 23-26 April 2022, Lisbon, Portugal\"}]},{\"@type\":\"WebSite\",\"@id\":\"https:\/\/ppr-antibioresistance.inserm.fr\/fr\/#website\",\"url\":\"https:\/\/ppr-antibioresistance.inserm.fr\/fr\/\",\"name\":\"Interface nationale ANTIBIOR\u00c9SISTANCE\",\"description\":\"PPR Antibior\u00e9sistance - Inserm\",\"publisher\":{\"@id\":\"https:\/\/ppr-antibioresistance.inserm.fr\/fr\/#organization\"},\"potentialAction\":[{\"@type\":\"SearchAction\",\"target\":{\"@type\":\"EntryPoint\",\"urlTemplate\":\"https:\/\/ppr-antibioresistance.inserm.fr\/fr\/?s={search_term_string}\"},\"query-input\":\"required name=search_term_string\"}],\"inLanguage\":\"fr-FR\"},{\"@type\":\"Organization\",\"@id\":\"https:\/\/ppr-antibioresistance.inserm.fr\/fr\/#organization\",\"name\":\"Inserm\",\"url\":\"https:\/\/ppr-antibioresistance.inserm.fr\/fr\/\",\"logo\":{\"@type\":\"ImageObject\",\"inLanguage\":\"fr-FR\",\"@id\":\"https:\/\/ppr-antibioresistance.inserm.fr\/fr\/#\/schema\/logo\/image\/\",\"url\":\"https:\/\/ppr-antibioresistance.inserm.fr\/wp-content\/uploads\/2020\/05\/logo-inserm-ppra.svg\",\"contentUrl\":\"https:\/\/ppr-antibioresistance.inserm.fr\/wp-content\/uploads\/2020\/05\/logo-inserm-ppra.svg\",\"width\":1,\"height\":1,\"caption\":\"Inserm\"},\"image\":{\"@id\":\"https:\/\/ppr-antibioresistance.inserm.fr\/fr\/#\/schema\/logo\/image\/\"}},{\"@type\":\"Person\",\"@id\":\"https:\/\/ppr-antibioresistance.inserm.fr\/fr\/#\/schema\/person\/6ae79ca06cbeaec66ef5e976b54606b3\",\"name\":\"\u00c9milie Noguez\"}]}<\/script>\n<!-- \/ Yoast SEO plugin. -->","yoast_head_json":{"title":"32nd European Congress of Clinical Microbiology & Infectious Diseases, 23-26 April 2022, Lisbon, Portugal - Interface nationale ANTIBIOR\u00c9SISTANCE","description":"Informations, \u00e9v\u00e8nements et actualit\u00e9s autour de l'Antibior\u00e9sistance en France et \u00e0 l'international.","robots":{"index":"index","follow":"follow","max-snippet":"max-snippet:-1","max-image-preview":"max-image-preview:large","max-video-preview":"max-video-preview:-1"},"canonical":"https:\/\/ppr-antibioresistance.inserm.fr\/fr\/informations-et-communications\/evenements-colloques\/32nd-european-congress-of-clinical-microbiology-infectious-diseases-23-26-april-2022-lisbon-portugal\/","og_locale":"fr_FR","og_type":"article","og_title":"32nd European Congress of Clinical Microbiology & Infectious Diseases, 23-26 April 2022, Lisbon, Portugal - Interface nationale ANTIBIOR\u00c9SISTANCE","og_description":"Informations, \u00e9v\u00e8nements et actualit\u00e9s autour de l'Antibior\u00e9sistance en France et \u00e0 l'international.","og_url":"https:\/\/ppr-antibioresistance.inserm.fr\/fr\/informations-et-communications\/evenements-colloques\/32nd-european-congress-of-clinical-microbiology-infectious-diseases-23-26-april-2022-lisbon-portugal\/","og_site_name":"Interface nationale ANTIBIOR\u00c9SISTANCE","article_published_time":"2022-03-18T16:23:47+00:00","article_modified_time":"2022-03-18T16:23:50+00:00","og_image":[{"width":825,"height":576,"url":"https:\/\/ppr-antibioresistance.inserm.fr\/wp-content\/uploads\/2022\/03\/Lisbonne2.jpg","type":"image\/jpeg"}],"author":"\u00c9milie Noguez","twitter_card":"summary_large_image","twitter_misc":{"\u00c9crit par":"\u00c9milie Noguez","Dur\u00e9e de lecture estim\u00e9e":"1 minute"},"schema":{"@context":"https:\/\/schema.org","@graph":[{"@type":"NewsArticle","@id":"https:\/\/ppr-antibioresistance.inserm.fr\/fr\/informations-et-communications\/evenements-colloques\/32nd-european-congress-of-clinical-microbiology-infectious-diseases-23-26-april-2022-lisbon-portugal\/#article","isPartOf":{"@id":"https:\/\/ppr-antibioresistance.inserm.fr\/fr\/informations-et-communications\/evenements-colloques\/32nd-european-congress-of-clinical-microbiology-infectious-diseases-23-26-april-2022-lisbon-portugal\/"},"author":{"name":"\u00c9milie Noguez","@id":"https:\/\/ppr-antibioresistance.inserm.fr\/fr\/#\/schema\/person\/6ae79ca06cbeaec66ef5e976b54606b3"},"headline":"32nd European Congress of Clinical Microbiology &#038; Infectious Diseases, 23-26 April 2022, Lisbon, Portugal","datePublished":"2022-03-18T16:23:47+00:00","dateModified":"2022-03-18T16:23:50+00:00","mainEntityOfPage":{"@id":"https:\/\/ppr-antibioresistance.inserm.fr\/fr\/informations-et-communications\/evenements-colloques\/32nd-european-congress-of-clinical-microbiology-infectious-diseases-23-26-april-2022-lisbon-portugal\/"},"wordCount":134,"publisher":{"@id":"https:\/\/ppr-antibioresistance.inserm.fr\/fr\/#organization"},"image":{"@id":"https:\/\/ppr-antibioresistance.inserm.fr\/fr\/informations-et-communications\/evenements-colloques\/32nd-european-congress-of-clinical-microbiology-infectious-diseases-23-26-april-2022-lisbon-portugal\/#primaryimage"},"thumbnailUrl":"https:\/\/ppr-antibioresistance.inserm.fr\/wp-content\/uploads\/2022\/03\/Lisbonne2.jpg","articleSection":["Ev\u00e8nements &amp; Colloques"],"inLanguage":"fr-FR"},{"@type":["WebPage","ItemPage"],"@id":"https:\/\/ppr-antibioresistance.inserm.fr\/fr\/informations-et-communications\/evenements-colloques\/32nd-european-congress-of-clinical-microbiology-infectious-diseases-23-26-april-2022-lisbon-portugal\/","url":"https:\/\/ppr-antibioresistance.inserm.fr\/fr\/informations-et-communications\/evenements-colloques\/32nd-european-congress-of-clinical-microbiology-infectious-diseases-23-26-april-2022-lisbon-portugal\/","name":"32nd European Congress of Clinical Microbiology & Infectious Diseases, 23-26 April 2022, Lisbon, Portugal - Interface nationale ANTIBIOR\u00c9SISTANCE","isPartOf":{"@id":"https:\/\/ppr-antibioresistance.inserm.fr\/fr\/#website"},"primaryImageOfPage":{"@id":"https:\/\/ppr-antibioresistance.inserm.fr\/fr\/informations-et-communications\/evenements-colloques\/32nd-european-congress-of-clinical-microbiology-infectious-diseases-23-26-april-2022-lisbon-portugal\/#primaryimage"},"image":{"@id":"https:\/\/ppr-antibioresistance.inserm.fr\/fr\/informations-et-communications\/evenements-colloques\/32nd-european-congress-of-clinical-microbiology-infectious-diseases-23-26-april-2022-lisbon-portugal\/#primaryimage"},"thumbnailUrl":"https:\/\/ppr-antibioresistance.inserm.fr\/wp-content\/uploads\/2022\/03\/Lisbonne2.jpg","datePublished":"2022-03-18T16:23:47+00:00","dateModified":"2022-03-18T16:23:50+00:00","description":"Informations, \u00e9v\u00e8nements et actualit\u00e9s autour de l'Antibior\u00e9sistance en France et \u00e0 l'international.","breadcrumb":{"@id":"https:\/\/ppr-antibioresistance.inserm.fr\/fr\/informations-et-communications\/evenements-colloques\/32nd-european-congress-of-clinical-microbiology-infectious-diseases-23-26-april-2022-lisbon-portugal\/#breadcrumb"},"inLanguage":"fr-FR","potentialAction":[{"@type":"ReadAction","target":["https:\/\/ppr-antibioresistance.inserm.fr\/fr\/informations-et-communications\/evenements-colloques\/32nd-european-congress-of-clinical-microbiology-infectious-diseases-23-26-april-2022-lisbon-portugal\/"]}]},{"@type":"ImageObject","inLanguage":"fr-FR","@id":"https:\/\/ppr-antibioresistance.inserm.fr\/fr\/informations-et-communications\/evenements-colloques\/32nd-european-congress-of-clinical-microbiology-infectious-diseases-23-26-april-2022-lisbon-portugal\/#primaryimage","url":"https:\/\/ppr-antibioresistance.inserm.fr\/wp-content\/uploads\/2022\/03\/Lisbonne2.jpg","contentUrl":"https:\/\/ppr-antibioresistance.inserm.fr\/wp-content\/uploads\/2022\/03\/Lisbonne2.jpg","width":825,"height":576,"caption":"Cr\u00e9dit : Pixabay"},{"@type":"BreadcrumbList","@id":"https:\/\/ppr-antibioresistance.inserm.fr\/fr\/informations-et-communications\/evenements-colloques\/32nd-european-congress-of-clinical-microbiology-infectious-diseases-23-26-april-2022-lisbon-portugal\/#breadcrumb","itemListElement":[{"@type":"ListItem","position":1,"name":"Accueil","item":"https:\/\/ppr-antibioresistance.inserm.fr\/fr\/"},{"@type":"ListItem","position":2,"name":"Infos pratiques &amp; communications","item":"https:\/\/ppr-antibioresistance.inserm.fr\/fr\/informations-et-communications\/"},{"@type":"ListItem","position":3,"name":"Ev\u00e8nements &amp; Colloques","item":"https:\/\/ppr-antibioresistance.inserm.fr\/fr\/informations-et-communications\/evenements-colloques\/"},{"@type":"ListItem","position":4,"name":"32nd European Congress of Clinical Microbiology &#038; Infectious Diseases, 23-26 April 2022, Lisbon, Portugal"}]},{"@type":"WebSite","@id":"https:\/\/ppr-antibioresistance.inserm.fr\/fr\/#website","url":"https:\/\/ppr-antibioresistance.inserm.fr\/fr\/","name":"Interface nationale ANTIBIOR\u00c9SISTANCE","description":"PPR Antibior\u00e9sistance - Inserm","publisher":{"@id":"https:\/\/ppr-antibioresistance.inserm.fr\/fr\/#organization"},"potentialAction":[{"@type":"SearchAction","target":{"@type":"EntryPoint","urlTemplate":"https:\/\/ppr-antibioresistance.inserm.fr\/fr\/?s={search_term_string}"},"query-input":"required name=search_term_string"}],"inLanguage":"fr-FR"},{"@type":"Organization","@id":"https:\/\/ppr-antibioresistance.inserm.fr\/fr\/#organization","name":"Inserm","url":"https:\/\/ppr-antibioresistance.inserm.fr\/fr\/","logo":{"@type":"ImageObject","inLanguage":"fr-FR","@id":"https:\/\/ppr-antibioresistance.inserm.fr\/fr\/#\/schema\/logo\/image\/","url":"https:\/\/ppr-antibioresistance.inserm.fr\/wp-content\/uploads\/2020\/05\/logo-inserm-ppra.svg","contentUrl":"https:\/\/ppr-antibioresistance.inserm.fr\/wp-content\/uploads\/2020\/05\/logo-inserm-ppra.svg","width":1,"height":1,"caption":"Inserm"},"image":{"@id":"https:\/\/ppr-antibioresistance.inserm.fr\/fr\/#\/schema\/logo\/image\/"}},{"@type":"Person","@id":"https:\/\/ppr-antibioresistance.inserm.fr\/fr\/#\/schema\/person\/6ae79ca06cbeaec66ef5e976b54606b3","name":"\u00c9milie Noguez"}]}},"publishpress_future_action":{"enabled":false,"date":"2026-05-07 08:49:43","action":"change-status","newStatus":"private","terms":[],"taxonomy":"category"},"post_mailing_queue_ids":[],"_links":{"self":[{"href":"https:\/\/ppr-antibioresistance.inserm.fr\/fr\/wp-json\/wp\/v2\/posts\/22059"}],"collection":[{"href":"https:\/\/ppr-antibioresistance.inserm.fr\/fr\/wp-json\/wp\/v2\/posts"}],"about":[{"href":"https:\/\/ppr-antibioresistance.inserm.fr\/fr\/wp-json\/wp\/v2\/types\/post"}],"author":[{"embeddable":true,"href":"https:\/\/ppr-antibioresistance.inserm.fr\/fr\/wp-json\/wp\/v2\/users\/139"}],"replies":[{"embeddable":true,"href":"https:\/\/ppr-antibioresistance.inserm.fr\/fr\/wp-json\/wp\/v2\/comments?post=22059"}],"version-history":[{"count":11,"href":"https:\/\/ppr-antibioresistance.inserm.fr\/fr\/wp-json\/wp\/v2\/posts\/22059\/revisions"}],"predecessor-version":[{"id":22085,"href":"https:\/\/ppr-antibioresistance.inserm.fr\/fr\/wp-json\/wp\/v2\/posts\/22059\/revisions\/22085"}],"wp:featuredmedia":[{"embeddable":true,"href":"https:\/\/ppr-antibioresistance.inserm.fr\/fr\/wp-json\/wp\/v2\/media\/22065"}],"wp:attachment":[{"href":"https:\/\/ppr-antibioresistance.inserm.fr\/fr\/wp-json\/wp\/v2\/media?parent=22059"}],"wp:term":[{"taxonomy":"category","embeddable":true,"href":"https:\/\/ppr-antibioresistance.inserm.fr\/fr\/wp-json\/wp\/v2\/categories?post=22059"},{"taxonomy":"post_tag","embeddable":true,"href":"https:\/\/ppr-antibioresistance.inserm.fr\/fr\/wp-json\/wp\/v2\/tags?post=22059"}],"curies":[{"name":"wp","href":"https:\/\/api.w.org\/{rel}","templated":true}]}}