{"id":19929,"date":"2022-01-13T11:30:41","date_gmt":"2022-01-13T10:30:41","guid":{"rendered":"https:\/\/ppr-antibioresistance.inserm.fr\/?p=19929"},"modified":"2022-01-13T11:37:23","modified_gmt":"2022-01-13T10:37:23","slug":"mooc-de-linstitut-pasteur-innate-immunity-8-semaines-du-14-janvier-2022-au-16-mars-2022","status":"publish","type":"post","link":"https:\/\/ppr-antibioresistance.inserm.fr\/fr\/informations-et-communications\/actualites\/mooc-de-linstitut-pasteur-innate-immunity-8-semaines-du-14-janvier-2022-au-16-mars-2022\/","title":{"rendered":"MOOC de l&#8217;Institut Pasteur, &#8220;Innate Immunity&#8221;, 8 semaines, du 14 janvier 2022 au 16 mars 2022"},"content":{"rendered":"\n<p><a href=\"https:\/\/www.fun-mooc.fr\/fr\/cours\/innate-immunity\/\" target=\"_blank\" rel=\"noreferrer noopener\">Ce MOOC<\/a> pr\u00e9sente les acteurs et l&#8217;ensemble de l&#8217;orchestre impliqu\u00e9s dans l&#8217;immunit\u00e9 inn\u00e9e contre les agents pathog\u00e8nes.<\/p>\n\n\n\n<h2 class=\"wp-block-heading\">Ce que vous allez apprendre<\/h2>\n\n\n\n<p>\u00c0 la fin de ce cours, vous serez capable de :<\/p>\n\n\n\n<ul><li>D\u00e9finir les acteurs cellulaires et mol\u00e9culaires de l&#8217;immunit\u00e9 inn\u00e9e.<\/li><li>D\u00e9crire les m\u00e9canismes qui conduisent \u00e0 l&#8217;\u00e9limination des agents pathog\u00e8nes.<\/li><li>Expliquer les strat\u00e9gies des agents pathog\u00e8nes contre le syst\u00e8me immunitaire inn\u00e9.&nbsp;<\/li><li>Discuter de l&#8217;influence de la g\u00e9n\u00e9tique et du microbiote sur le syst\u00e8me immunitaire inn\u00e9.<\/li><li>Pr\u00e9senter ses liens avec le syst\u00e8me nerveux central et l&#8217;immunit\u00e9 adaptative.<\/li><\/ul>\n\n\n\n<h2 class=\"wp-block-heading\">Description<\/h2>\n\n\n\n<p>L&#8217;immunit\u00e9 inn\u00e9e agit comme une premi\u00e8re ligne de d\u00e9fense et peut d\u00e9truire les micro-organismes envahisseurs et d\u00e9clencher une inflammation qui contribue \u00e0 bloquer leur attaque, plusieurs jours avant l&#8217;action de l&#8217;immunit\u00e9 adaptative. <\/p>\n\n\n\n<p>Alors que l&#8217;immunit\u00e9 adaptative \u00e9tait au centre des pr\u00e9occupations des chercheurs au XX\u00e8me si\u00e8cle, la d\u00e9tection des signaux de danger exog\u00e8nes ou endog\u00e8nes a \u00e9t\u00e9 r\u00e9cemment d\u00e9crite, ainsi que l&#8217;action de nombreuses cellules. <\/p>\n\n\n\n<p>Ce MOOC d\u00e9crit les acteurs et tout l&#8217;orchestre de l&#8217;immunit\u00e9 inn\u00e9e contre les pathog\u00e8nes.<\/p>\n\n\n\n<h2 class=\"wp-block-heading\">Format<\/h2>\n\n\n\n<p>Ce MOOC est compos\u00e9 de 6 semaines d\u2019enseignement. Chaque semaine comporte 4 \u00e0 7 s\u00e9quences. <\/p>\n\n\n\n<p>Chaque s\u00e9quence se compose d\u2019une vid\u00e9o de 10 minutes et d\u2019un QCM afin que les \u00e9tudiants testent leurs connaissances. <\/p>\n\n\n\n<p>Les vid\u00e9os sont en anglais sous-titr\u00e9es en fran\u00e7ais et en anglais.<\/p>\n\n\n\n<h2 class=\"wp-block-heading\">Pr\u00e9requis<\/h2>\n\n\n\n<p>Ce MOOC vise les personnes qui poss\u00e8dent des connaissances dans le domaine m\u00e9dical ou scientifique ou \u00e9tudient ce domaine, et s\u2019int\u00e9ressent \u00e0 tous les aspects de l\u2019immunit\u00e9 inn\u00e9e&nbsp;; \u00e9tudiants en m\u00e9decine, \u00e9tudiants en deuxi\u00e8me ann\u00e9e de master ou doctorants pour un dipl\u00f4me en sciences (immunologie, bact\u00e9riologie, parasitologie, virologie\u2026), les post-doc, les m\u00e9decins, les pharmaciens, les v\u00e9t\u00e9rinaires et tous les scientifiques qui travaillent sur les bact\u00e9ries, les virus, les champignons et parasites. Ainsi que pour tous ceux qui souhaitent mieux comprendre le m\u00e9canisme de d\u00e9fense de l\u2019h\u00f4te contre les pathog\u00e8nes.<\/p>\n\n\n\n<h2 class=\"wp-block-heading\">Evaluation et Certification<\/h2>\n\n\n\n<p>Pour suivre ce cours, vous avez le choix entre deux formules. Le parcours DECOUVERTE vous donne acc\u00e8s aux vid\u00e9os, quiz et \u00e9changes sur le forum. Le parcours QUALIFIANT vous donne en plus acc\u00e8s \u00e0 un examen certifiant.<\/p>\n\n\n\n<p><strong>&#8211; Parcours D\u00e9couverte<\/strong><\/p>\n\n\n\n<p>Si vous optez pour ce parcours, vous aurez acc\u00e8s aux vid\u00e9os, aux quiz et aux \u00e9changes dans le forum. Ce parcours ne donnera pas lieu \u00e0 la d\u00e9livrance d&#8217;une attestation. L&#8217;inscription est gratuite.<\/p>\n\n\n\n<p><strong>&#8211; Parcours Qualifiant<\/strong><\/p>\n\n\n\n<p>En compl\u00e9ment des activit\u00e9s propos\u00e9es dans le parcours DECOUVERTE, le parcours QUALIFIANT vous permettra d&#8217;obtenir un certificat. Pour cela, vous devrez suivre un examen surveill\u00e9 \u00e0 distance d\u2019une dur\u00e9e d&#8217;une heure, consistant en 30 questions \u00e0 choix multiples (QCM) et d&#8217;obtenir 18 bonnes r\u00e9ponses.<\/p>\n\n\n\n<p>Le prix de l\u2019inscription au parcours qualifiant est de&nbsp;<strong>150\u20ac<\/strong>.<\/p>\n\n\n\n<p>Obtenir une certification qualifiante est une opportunit\u00e9 pour vous d&#8217;obtenir un dipl\u00f4me. En effet, ce cours est un des MOOCs du programme du&nbsp;<strong>Dipl\u00f4me Num\u00e9rique des Maladies Infectieuses de l&#8217;Institut Pasteur (DNM2IP)<\/strong>. Pour en savoir plus,&nbsp;<a href=\"https:\/\/www.pasteur.fr\/fr\/DNM2IP\" target=\"_blank\" rel=\"noreferrer noopener\">consultez la page web de l&#8217;Institut Pasteur, d\u00e9di\u00e9e \u00e0 ce nouveau dipl\u00f4me.<\/a><\/p>\n\n\n\n<p>Veuillez noter que seul le parcours &#8220;qualifiant&#8221; donne droit \u00e0 une certification d\u00e9livr\u00e9e par FUN et l&#8217;Institut Pasteur. Il n&#8217;y aura pas de certificat de suivi, ni pour le parcours &#8220;d\u00e9couverte&#8221;, ni pour le parcours &#8220;qualifiant&#8221;.<\/p>\n\n\n\n<h2 class=\"wp-block-heading\">Plan de cours<\/h2>\n\n\n\n<ul><li>Chapitre 1 : Les acteurs cellulaires \u2013 partie 1<\/li><li>Chapitre 2 : Les acteurs cellulaires \u2013 partie 2<\/li><li>Chapitre 3 : Les acteurs mol\u00e9culaires \u2013 partie 1<\/li><li>Chapitre 4 : Les acteurs mol\u00e9culaires \u2013 partie 2<\/li><li>Chapitre 5 : Les interactions h\u00f4te-pathog\u00e8nes<\/li><li>Chapitre 6&nbsp;: La r\u00e9gulation de la r\u00e9ponse immunitaire inn\u00e9e<\/li><\/ul>\n\n\n\n<h2 class=\"wp-block-heading\">\u00c9quipe p\u00e9dagogique<\/h2>\n\n\n\n<p>J<strong>ean-Marc Cavaillon<\/strong><\/p>\n\n\n\n<p>Il est professeur honoraire de l&#8217;Institut Pasteur et directeur du MOOC Innate Immunity.<\/p>\n\n\n\n<p><strong>Daniel Scott-Algara<\/strong><\/p>\n\n\n\n<p>Directeur de recherche dans l&#8217;unit\u00e9 de recherche &#8220;Cytokines et Inflammation&#8221; et responsable de l&#8217;\u00e9quipe Immunit\u00e9 inn\u00e9e \u00e0 l&#8217;Institut Pasteur de Paris. Directeur du MOOC Innate Immunity.<\/p>\n\n\n\n<p>Plus d&#8217;informations sur la <a href=\"https:\/\/www.fun-mooc.fr\/fr\/cours\/innate-immunity\/\" target=\"_blank\" rel=\"noreferrer noopener\">page web de ce MOOC<\/a>.<\/p>\n\n\n\n<p><\/p>\n","protected":false},"excerpt":{"rendered":"<p>Ce MOOC pr\u00e9sente les acteurs et l&#8217;ensemble de l&#8217;orchestre impliqu\u00e9s dans l&#8217;immunit\u00e9 inn\u00e9e contre les agents pathog\u00e8nes. Ce que vous allez apprendre \u00c0 la fin de ce cours, vous serez capable de : D\u00e9finir les acteurs cellulaires et mol\u00e9culaires de l&#8217;immunit\u00e9 inn\u00e9e. D\u00e9crire les m\u00e9canismes qui conduisent \u00e0 l&#8217;\u00e9limination des agents pathog\u00e8nes. Expliquer les strat\u00e9gies [&hellip;]<\/p>\n","protected":false},"author":139,"featured_media":19935,"comment_status":"closed","ping_status":"open","sticky":false,"template":"","format":"standard","meta":{"footnotes":"","_links_to":"","_links_to_target":""},"categories":[31,36],"tags":[],"acf":[],"yoast_head":"<!-- This site is optimized with the Yoast SEO plugin v22.8 - https:\/\/yoast.com\/wordpress\/plugins\/seo\/ -->\n<title>MOOC de l&#039;Institut Pasteur, &quot;Innate Immunity&quot;, 8 semaines, du 14 janvier 2022 au 16 mars 2022 - Interface nationale ANTIBIOR\u00c9SISTANCE<\/title>\n<meta name=\"description\" content=\"Informations, \u00e9v\u00e8nements et actualit\u00e9s autour de l&#039;Antibior\u00e9sistance en France et \u00e0 l&#039;international.\" \/>\n<meta name=\"robots\" content=\"index, follow, max-snippet:-1, max-image-preview:large, max-video-preview:-1\" \/>\n<link rel=\"canonical\" href=\"https:\/\/ppr-antibioresistance.inserm.fr\/fr\/informations-et-communications\/actualites\/mooc-de-linstitut-pasteur-innate-immunity-8-semaines-du-14-janvier-2022-au-16-mars-2022\/\" \/>\n<meta property=\"og:locale\" content=\"fr_FR\" \/>\n<meta property=\"og:type\" content=\"article\" \/>\n<meta property=\"og:title\" content=\"MOOC de l&#039;Institut Pasteur, &quot;Innate Immunity&quot;, 8 semaines, du 14 janvier 2022 au 16 mars 2022 - Interface nationale ANTIBIOR\u00c9SISTANCE\" \/>\n<meta property=\"og:description\" content=\"Informations, \u00e9v\u00e8nements et actualit\u00e9s autour de l&#039;Antibior\u00e9sistance en France et \u00e0 l&#039;international.\" \/>\n<meta property=\"og:url\" content=\"https:\/\/ppr-antibioresistance.inserm.fr\/fr\/informations-et-communications\/actualites\/mooc-de-linstitut-pasteur-innate-immunity-8-semaines-du-14-janvier-2022-au-16-mars-2022\/\" \/>\n<meta property=\"og:site_name\" content=\"Interface nationale ANTIBIOR\u00c9SISTANCE\" \/>\n<meta property=\"article:published_time\" content=\"2022-01-13T10:30:41+00:00\" \/>\n<meta property=\"article:modified_time\" content=\"2022-01-13T10:37:23+00:00\" \/>\n<meta property=\"og:image\" content=\"https:\/\/ppr-antibioresistance.inserm.fr\/wp-content\/uploads\/2022\/01\/Virus-Icone.jpg\" \/>\n\t<meta property=\"og:image:width\" content=\"530\" \/>\n\t<meta property=\"og:image:height\" content=\"517\" \/>\n\t<meta property=\"og:image:type\" content=\"image\/jpeg\" \/>\n<meta name=\"author\" content=\"\u00c9milie Noguez\" \/>\n<meta name=\"twitter:card\" content=\"summary_large_image\" \/>\n<meta name=\"twitter:label1\" content=\"\u00c9crit par\" \/>\n\t<meta name=\"twitter:data1\" content=\"\u00c9milie Noguez\" \/>\n\t<meta name=\"twitter:label2\" content=\"Dur\u00e9e de lecture estim\u00e9e\" \/>\n\t<meta name=\"twitter:data2\" content=\"4 minutes\" \/>\n<script type=\"application\/ld+json\" class=\"yoast-schema-graph\">{\"@context\":\"https:\/\/schema.org\",\"@graph\":[{\"@type\":\"NewsArticle\",\"@id\":\"https:\/\/ppr-antibioresistance.inserm.fr\/fr\/informations-et-communications\/actualites\/mooc-de-linstitut-pasteur-innate-immunity-8-semaines-du-14-janvier-2022-au-16-mars-2022\/#article\",\"isPartOf\":{\"@id\":\"https:\/\/ppr-antibioresistance.inserm.fr\/fr\/informations-et-communications\/actualites\/mooc-de-linstitut-pasteur-innate-immunity-8-semaines-du-14-janvier-2022-au-16-mars-2022\/\"},\"author\":{\"name\":\"\u00c9milie Noguez\",\"@id\":\"https:\/\/ppr-antibioresistance.inserm.fr\/fr\/#\/schema\/person\/6ae79ca06cbeaec66ef5e976b54606b3\"},\"headline\":\"MOOC de l&#8217;Institut Pasteur, &#8220;Innate Immunity&#8221;, 8 semaines, du 14 janvier 2022 au 16 mars 2022\",\"datePublished\":\"2022-01-13T10:30:41+00:00\",\"dateModified\":\"2022-01-13T10:37:23+00:00\",\"mainEntityOfPage\":{\"@id\":\"https:\/\/ppr-antibioresistance.inserm.fr\/fr\/informations-et-communications\/actualites\/mooc-de-linstitut-pasteur-innate-immunity-8-semaines-du-14-janvier-2022-au-16-mars-2022\/\"},\"wordCount\":706,\"publisher\":{\"@id\":\"https:\/\/ppr-antibioresistance.inserm.fr\/fr\/#organization\"},\"image\":{\"@id\":\"https:\/\/ppr-antibioresistance.inserm.fr\/fr\/informations-et-communications\/actualites\/mooc-de-linstitut-pasteur-innate-immunity-8-semaines-du-14-janvier-2022-au-16-mars-2022\/#primaryimage\"},\"thumbnailUrl\":\"https:\/\/ppr-antibioresistance.inserm.fr\/wp-content\/uploads\/2022\/01\/Virus-Icone.jpg\",\"articleSection\":[\"Actualit\u00e9s\",\"Formations\"],\"inLanguage\":\"fr-FR\"},{\"@type\":[\"WebPage\",\"ItemPage\"],\"@id\":\"https:\/\/ppr-antibioresistance.inserm.fr\/fr\/informations-et-communications\/actualites\/mooc-de-linstitut-pasteur-innate-immunity-8-semaines-du-14-janvier-2022-au-16-mars-2022\/\",\"url\":\"https:\/\/ppr-antibioresistance.inserm.fr\/fr\/informations-et-communications\/actualites\/mooc-de-linstitut-pasteur-innate-immunity-8-semaines-du-14-janvier-2022-au-16-mars-2022\/\",\"name\":\"MOOC de l'Institut Pasteur, \\\"Innate Immunity\\\", 8 semaines, du 14 janvier 2022 au 16 mars 2022 - Interface nationale ANTIBIOR\u00c9SISTANCE\",\"isPartOf\":{\"@id\":\"https:\/\/ppr-antibioresistance.inserm.fr\/fr\/#website\"},\"primaryImageOfPage\":{\"@id\":\"https:\/\/ppr-antibioresistance.inserm.fr\/fr\/informations-et-communications\/actualites\/mooc-de-linstitut-pasteur-innate-immunity-8-semaines-du-14-janvier-2022-au-16-mars-2022\/#primaryimage\"},\"image\":{\"@id\":\"https:\/\/ppr-antibioresistance.inserm.fr\/fr\/informations-et-communications\/actualites\/mooc-de-linstitut-pasteur-innate-immunity-8-semaines-du-14-janvier-2022-au-16-mars-2022\/#primaryimage\"},\"thumbnailUrl\":\"https:\/\/ppr-antibioresistance.inserm.fr\/wp-content\/uploads\/2022\/01\/Virus-Icone.jpg\",\"datePublished\":\"2022-01-13T10:30:41+00:00\",\"dateModified\":\"2022-01-13T10:37:23+00:00\",\"description\":\"Informations, \u00e9v\u00e8nements et actualit\u00e9s autour de l'Antibior\u00e9sistance en France et \u00e0 l'international.\",\"breadcrumb\":{\"@id\":\"https:\/\/ppr-antibioresistance.inserm.fr\/fr\/informations-et-communications\/actualites\/mooc-de-linstitut-pasteur-innate-immunity-8-semaines-du-14-janvier-2022-au-16-mars-2022\/#breadcrumb\"},\"inLanguage\":\"fr-FR\",\"potentialAction\":[{\"@type\":\"ReadAction\",\"target\":[\"https:\/\/ppr-antibioresistance.inserm.fr\/fr\/informations-et-communications\/actualites\/mooc-de-linstitut-pasteur-innate-immunity-8-semaines-du-14-janvier-2022-au-16-mars-2022\/\"]}]},{\"@type\":\"ImageObject\",\"inLanguage\":\"fr-FR\",\"@id\":\"https:\/\/ppr-antibioresistance.inserm.fr\/fr\/informations-et-communications\/actualites\/mooc-de-linstitut-pasteur-innate-immunity-8-semaines-du-14-janvier-2022-au-16-mars-2022\/#primaryimage\",\"url\":\"https:\/\/ppr-antibioresistance.inserm.fr\/wp-content\/uploads\/2022\/01\/Virus-Icone.jpg\",\"contentUrl\":\"https:\/\/ppr-antibioresistance.inserm.fr\/wp-content\/uploads\/2022\/01\/Virus-Icone.jpg\",\"width\":530,\"height\":517,\"caption\":\"Cr\u00e9dit : Pixabay\"},{\"@type\":\"BreadcrumbList\",\"@id\":\"https:\/\/ppr-antibioresistance.inserm.fr\/fr\/informations-et-communications\/actualites\/mooc-de-linstitut-pasteur-innate-immunity-8-semaines-du-14-janvier-2022-au-16-mars-2022\/#breadcrumb\",\"itemListElement\":[{\"@type\":\"ListItem\",\"position\":1,\"name\":\"Accueil\",\"item\":\"https:\/\/ppr-antibioresistance.inserm.fr\/fr\/\"},{\"@type\":\"ListItem\",\"position\":2,\"name\":\"Infos pratiques &amp; communications\",\"item\":\"https:\/\/ppr-antibioresistance.inserm.fr\/fr\/informations-et-communications\/\"},{\"@type\":\"ListItem\",\"position\":3,\"name\":\"Actualit\u00e9s\",\"item\":\"https:\/\/ppr-antibioresistance.inserm.fr\/fr\/informations-et-communications\/actualites\/\"},{\"@type\":\"ListItem\",\"position\":4,\"name\":\"MOOC de l&#8217;Institut Pasteur, &#8220;Innate Immunity&#8221;, 8 semaines, du 14 janvier 2022 au 16 mars 2022\"}]},{\"@type\":\"WebSite\",\"@id\":\"https:\/\/ppr-antibioresistance.inserm.fr\/fr\/#website\",\"url\":\"https:\/\/ppr-antibioresistance.inserm.fr\/fr\/\",\"name\":\"Interface nationale ANTIBIOR\u00c9SISTANCE\",\"description\":\"PPR Antibior\u00e9sistance - Inserm\",\"publisher\":{\"@id\":\"https:\/\/ppr-antibioresistance.inserm.fr\/fr\/#organization\"},\"potentialAction\":[{\"@type\":\"SearchAction\",\"target\":{\"@type\":\"EntryPoint\",\"urlTemplate\":\"https:\/\/ppr-antibioresistance.inserm.fr\/fr\/?s={search_term_string}\"},\"query-input\":\"required name=search_term_string\"}],\"inLanguage\":\"fr-FR\"},{\"@type\":\"Organization\",\"@id\":\"https:\/\/ppr-antibioresistance.inserm.fr\/fr\/#organization\",\"name\":\"Inserm\",\"url\":\"https:\/\/ppr-antibioresistance.inserm.fr\/fr\/\",\"logo\":{\"@type\":\"ImageObject\",\"inLanguage\":\"fr-FR\",\"@id\":\"https:\/\/ppr-antibioresistance.inserm.fr\/fr\/#\/schema\/logo\/image\/\",\"url\":\"https:\/\/ppr-antibioresistance.inserm.fr\/wp-content\/uploads\/2020\/05\/logo-inserm-ppra.svg\",\"contentUrl\":\"https:\/\/ppr-antibioresistance.inserm.fr\/wp-content\/uploads\/2020\/05\/logo-inserm-ppra.svg\",\"width\":1,\"height\":1,\"caption\":\"Inserm\"},\"image\":{\"@id\":\"https:\/\/ppr-antibioresistance.inserm.fr\/fr\/#\/schema\/logo\/image\/\"}},{\"@type\":\"Person\",\"@id\":\"https:\/\/ppr-antibioresistance.inserm.fr\/fr\/#\/schema\/person\/6ae79ca06cbeaec66ef5e976b54606b3\",\"name\":\"\u00c9milie Noguez\"}]}<\/script>\n<!-- \/ Yoast SEO plugin. -->","yoast_head_json":{"title":"MOOC de l'Institut Pasteur, \"Innate Immunity\", 8 semaines, du 14 janvier 2022 au 16 mars 2022 - Interface nationale ANTIBIOR\u00c9SISTANCE","description":"Informations, \u00e9v\u00e8nements et actualit\u00e9s autour de l'Antibior\u00e9sistance en France et \u00e0 l'international.","robots":{"index":"index","follow":"follow","max-snippet":"max-snippet:-1","max-image-preview":"max-image-preview:large","max-video-preview":"max-video-preview:-1"},"canonical":"https:\/\/ppr-antibioresistance.inserm.fr\/fr\/informations-et-communications\/actualites\/mooc-de-linstitut-pasteur-innate-immunity-8-semaines-du-14-janvier-2022-au-16-mars-2022\/","og_locale":"fr_FR","og_type":"article","og_title":"MOOC de l'Institut Pasteur, \"Innate Immunity\", 8 semaines, du 14 janvier 2022 au 16 mars 2022 - Interface nationale ANTIBIOR\u00c9SISTANCE","og_description":"Informations, \u00e9v\u00e8nements et actualit\u00e9s autour de l'Antibior\u00e9sistance en France et \u00e0 l'international.","og_url":"https:\/\/ppr-antibioresistance.inserm.fr\/fr\/informations-et-communications\/actualites\/mooc-de-linstitut-pasteur-innate-immunity-8-semaines-du-14-janvier-2022-au-16-mars-2022\/","og_site_name":"Interface nationale ANTIBIOR\u00c9SISTANCE","article_published_time":"2022-01-13T10:30:41+00:00","article_modified_time":"2022-01-13T10:37:23+00:00","og_image":[{"width":530,"height":517,"url":"https:\/\/ppr-antibioresistance.inserm.fr\/wp-content\/uploads\/2022\/01\/Virus-Icone.jpg","type":"image\/jpeg"}],"author":"\u00c9milie Noguez","twitter_card":"summary_large_image","twitter_misc":{"\u00c9crit par":"\u00c9milie Noguez","Dur\u00e9e de lecture estim\u00e9e":"4 minutes"},"schema":{"@context":"https:\/\/schema.org","@graph":[{"@type":"NewsArticle","@id":"https:\/\/ppr-antibioresistance.inserm.fr\/fr\/informations-et-communications\/actualites\/mooc-de-linstitut-pasteur-innate-immunity-8-semaines-du-14-janvier-2022-au-16-mars-2022\/#article","isPartOf":{"@id":"https:\/\/ppr-antibioresistance.inserm.fr\/fr\/informations-et-communications\/actualites\/mooc-de-linstitut-pasteur-innate-immunity-8-semaines-du-14-janvier-2022-au-16-mars-2022\/"},"author":{"name":"\u00c9milie Noguez","@id":"https:\/\/ppr-antibioresistance.inserm.fr\/fr\/#\/schema\/person\/6ae79ca06cbeaec66ef5e976b54606b3"},"headline":"MOOC de l&#8217;Institut Pasteur, &#8220;Innate Immunity&#8221;, 8 semaines, du 14 janvier 2022 au 16 mars 2022","datePublished":"2022-01-13T10:30:41+00:00","dateModified":"2022-01-13T10:37:23+00:00","mainEntityOfPage":{"@id":"https:\/\/ppr-antibioresistance.inserm.fr\/fr\/informations-et-communications\/actualites\/mooc-de-linstitut-pasteur-innate-immunity-8-semaines-du-14-janvier-2022-au-16-mars-2022\/"},"wordCount":706,"publisher":{"@id":"https:\/\/ppr-antibioresistance.inserm.fr\/fr\/#organization"},"image":{"@id":"https:\/\/ppr-antibioresistance.inserm.fr\/fr\/informations-et-communications\/actualites\/mooc-de-linstitut-pasteur-innate-immunity-8-semaines-du-14-janvier-2022-au-16-mars-2022\/#primaryimage"},"thumbnailUrl":"https:\/\/ppr-antibioresistance.inserm.fr\/wp-content\/uploads\/2022\/01\/Virus-Icone.jpg","articleSection":["Actualit\u00e9s","Formations"],"inLanguage":"fr-FR"},{"@type":["WebPage","ItemPage"],"@id":"https:\/\/ppr-antibioresistance.inserm.fr\/fr\/informations-et-communications\/actualites\/mooc-de-linstitut-pasteur-innate-immunity-8-semaines-du-14-janvier-2022-au-16-mars-2022\/","url":"https:\/\/ppr-antibioresistance.inserm.fr\/fr\/informations-et-communications\/actualites\/mooc-de-linstitut-pasteur-innate-immunity-8-semaines-du-14-janvier-2022-au-16-mars-2022\/","name":"MOOC de l'Institut Pasteur, \"Innate Immunity\", 8 semaines, du 14 janvier 2022 au 16 mars 2022 - Interface nationale ANTIBIOR\u00c9SISTANCE","isPartOf":{"@id":"https:\/\/ppr-antibioresistance.inserm.fr\/fr\/#website"},"primaryImageOfPage":{"@id":"https:\/\/ppr-antibioresistance.inserm.fr\/fr\/informations-et-communications\/actualites\/mooc-de-linstitut-pasteur-innate-immunity-8-semaines-du-14-janvier-2022-au-16-mars-2022\/#primaryimage"},"image":{"@id":"https:\/\/ppr-antibioresistance.inserm.fr\/fr\/informations-et-communications\/actualites\/mooc-de-linstitut-pasteur-innate-immunity-8-semaines-du-14-janvier-2022-au-16-mars-2022\/#primaryimage"},"thumbnailUrl":"https:\/\/ppr-antibioresistance.inserm.fr\/wp-content\/uploads\/2022\/01\/Virus-Icone.jpg","datePublished":"2022-01-13T10:30:41+00:00","dateModified":"2022-01-13T10:37:23+00:00","description":"Informations, \u00e9v\u00e8nements et actualit\u00e9s autour de l'Antibior\u00e9sistance en France et \u00e0 l'international.","breadcrumb":{"@id":"https:\/\/ppr-antibioresistance.inserm.fr\/fr\/informations-et-communications\/actualites\/mooc-de-linstitut-pasteur-innate-immunity-8-semaines-du-14-janvier-2022-au-16-mars-2022\/#breadcrumb"},"inLanguage":"fr-FR","potentialAction":[{"@type":"ReadAction","target":["https:\/\/ppr-antibioresistance.inserm.fr\/fr\/informations-et-communications\/actualites\/mooc-de-linstitut-pasteur-innate-immunity-8-semaines-du-14-janvier-2022-au-16-mars-2022\/"]}]},{"@type":"ImageObject","inLanguage":"fr-FR","@id":"https:\/\/ppr-antibioresistance.inserm.fr\/fr\/informations-et-communications\/actualites\/mooc-de-linstitut-pasteur-innate-immunity-8-semaines-du-14-janvier-2022-au-16-mars-2022\/#primaryimage","url":"https:\/\/ppr-antibioresistance.inserm.fr\/wp-content\/uploads\/2022\/01\/Virus-Icone.jpg","contentUrl":"https:\/\/ppr-antibioresistance.inserm.fr\/wp-content\/uploads\/2022\/01\/Virus-Icone.jpg","width":530,"height":517,"caption":"Cr\u00e9dit : Pixabay"},{"@type":"BreadcrumbList","@id":"https:\/\/ppr-antibioresistance.inserm.fr\/fr\/informations-et-communications\/actualites\/mooc-de-linstitut-pasteur-innate-immunity-8-semaines-du-14-janvier-2022-au-16-mars-2022\/#breadcrumb","itemListElement":[{"@type":"ListItem","position":1,"name":"Accueil","item":"https:\/\/ppr-antibioresistance.inserm.fr\/fr\/"},{"@type":"ListItem","position":2,"name":"Infos pratiques &amp; communications","item":"https:\/\/ppr-antibioresistance.inserm.fr\/fr\/informations-et-communications\/"},{"@type":"ListItem","position":3,"name":"Actualit\u00e9s","item":"https:\/\/ppr-antibioresistance.inserm.fr\/fr\/informations-et-communications\/actualites\/"},{"@type":"ListItem","position":4,"name":"MOOC de l&#8217;Institut Pasteur, &#8220;Innate Immunity&#8221;, 8 semaines, du 14 janvier 2022 au 16 mars 2022"}]},{"@type":"WebSite","@id":"https:\/\/ppr-antibioresistance.inserm.fr\/fr\/#website","url":"https:\/\/ppr-antibioresistance.inserm.fr\/fr\/","name":"Interface nationale ANTIBIOR\u00c9SISTANCE","description":"PPR Antibior\u00e9sistance - Inserm","publisher":{"@id":"https:\/\/ppr-antibioresistance.inserm.fr\/fr\/#organization"},"potentialAction":[{"@type":"SearchAction","target":{"@type":"EntryPoint","urlTemplate":"https:\/\/ppr-antibioresistance.inserm.fr\/fr\/?s={search_term_string}"},"query-input":"required name=search_term_string"}],"inLanguage":"fr-FR"},{"@type":"Organization","@id":"https:\/\/ppr-antibioresistance.inserm.fr\/fr\/#organization","name":"Inserm","url":"https:\/\/ppr-antibioresistance.inserm.fr\/fr\/","logo":{"@type":"ImageObject","inLanguage":"fr-FR","@id":"https:\/\/ppr-antibioresistance.inserm.fr\/fr\/#\/schema\/logo\/image\/","url":"https:\/\/ppr-antibioresistance.inserm.fr\/wp-content\/uploads\/2020\/05\/logo-inserm-ppra.svg","contentUrl":"https:\/\/ppr-antibioresistance.inserm.fr\/wp-content\/uploads\/2020\/05\/logo-inserm-ppra.svg","width":1,"height":1,"caption":"Inserm"},"image":{"@id":"https:\/\/ppr-antibioresistance.inserm.fr\/fr\/#\/schema\/logo\/image\/"}},{"@type":"Person","@id":"https:\/\/ppr-antibioresistance.inserm.fr\/fr\/#\/schema\/person\/6ae79ca06cbeaec66ef5e976b54606b3","name":"\u00c9milie Noguez"}]}},"publishpress_future_action":{"enabled":false,"date":"2026-05-03 16:22:33","action":"change-status","newStatus":"private","terms":[],"taxonomy":"category"},"post_mailing_queue_ids":[],"_links":{"self":[{"href":"https:\/\/ppr-antibioresistance.inserm.fr\/fr\/wp-json\/wp\/v2\/posts\/19929"}],"collection":[{"href":"https:\/\/ppr-antibioresistance.inserm.fr\/fr\/wp-json\/wp\/v2\/posts"}],"about":[{"href":"https:\/\/ppr-antibioresistance.inserm.fr\/fr\/wp-json\/wp\/v2\/types\/post"}],"author":[{"embeddable":true,"href":"https:\/\/ppr-antibioresistance.inserm.fr\/fr\/wp-json\/wp\/v2\/users\/139"}],"replies":[{"embeddable":true,"href":"https:\/\/ppr-antibioresistance.inserm.fr\/fr\/wp-json\/wp\/v2\/comments?post=19929"}],"version-history":[{"count":17,"href":"https:\/\/ppr-antibioresistance.inserm.fr\/fr\/wp-json\/wp\/v2\/posts\/19929\/revisions"}],"predecessor-version":[{"id":19967,"href":"https:\/\/ppr-antibioresistance.inserm.fr\/fr\/wp-json\/wp\/v2\/posts\/19929\/revisions\/19967"}],"wp:featuredmedia":[{"embeddable":true,"href":"https:\/\/ppr-antibioresistance.inserm.fr\/fr\/wp-json\/wp\/v2\/media\/19935"}],"wp:attachment":[{"href":"https:\/\/ppr-antibioresistance.inserm.fr\/fr\/wp-json\/wp\/v2\/media?parent=19929"}],"wp:term":[{"taxonomy":"category","embeddable":true,"href":"https:\/\/ppr-antibioresistance.inserm.fr\/fr\/wp-json\/wp\/v2\/categories?post=19929"},{"taxonomy":"post_tag","embeddable":true,"href":"https:\/\/ppr-antibioresistance.inserm.fr\/fr\/wp-json\/wp\/v2\/tags?post=19929"}],"curies":[{"name":"wp","href":"https:\/\/api.w.org\/{rel}","templated":true}]}}