{"id":6467,"date":"2021-01-07T17:32:53","date_gmt":"2021-01-07T16:32:53","guid":{"rendered":"https:\/\/ppr-antibioresistance.inserm.fr\/?p=6467"},"modified":"2021-05-20T10:27:44","modified_gmt":"2021-05-20T09:27:44","slug":"des-scientifiques-engages-dans-la-lutte-contre-lantibioresistance-distingues","status":"publish","type":"post","link":"https:\/\/ppr-antibioresistance.inserm.fr\/en\/informations-et-communications\/actualites\/des-scientifiques-engages-dans-la-lutte-contre-lantibioresistance-distingues\/","title":{"rendered":"Des scientifiques engag\u00e9s dans la lutte contre l&#8217;antibior\u00e9sistance distingu\u00e9s"},"content":{"rendered":"\n<p>Par d\u00e9cret du Pr\u00e9sident de la R\u00e9publique en date du 31 d\u00e9cembre 2020, pris sur le rapport du Premier ministre et des ministres, ont \u00e9t\u00e9 promus ou nomm\u00e9s au grade de Chevalier de la <a rel=\"noreferrer noopener\" href=\"https:\/\/www.legiondhonneur.fr\/fr\/page\/vocation-de-la-legion-dhonneur\/70\" target=\"_blank\">L\u00e9gion d&#8217;honneur<\/a> plusieurs scientifiques se consacrant \u00e0 la lutte contre l&#8217;antibior\u00e9sistance, parmi lesquel-les :<\/p>\n\n\n\n<p><strong>Mme Evelyne<\/strong> <strong>JOUVIN-MARCHE<\/strong>,  immunologue, directrice de recherche de l&#8217;Institut national de la sant\u00e9 et de la recherche m\u00e9dicale, directrice adjointe scientifique d&#8217;un institut d&#8217;immunologie, inflammation, infectiologie et microbiologie de l&#8217;Institut national de la sant\u00e9 et de la recherche m\u00e9dicale, directrice d&#8217;une fondation ; 34 ans de services.<\/p>\n\n\n\n<p><strong>Mme Marie-C\u00e9cile<\/strong> <strong>PLOY<\/strong>, professeure des universit\u00e9s-praticienne hospitali\u00e8re, directrice de l&#8217;unit\u00e9 mixte de recherche, laboratoire anti-infectieux de Limoges ; 26 ans de services.<\/p>\n\n\n\n<p>D&#8217;autres scientifiques engag\u00e9s dans la lutte contre les maladies infectieuses \u00e9mergentes ont \u00e9galement re\u00e7u en d\u00e9cembre 2020 la distinction de Chevalier de la L\u00e9gion d&#8217;honneur :<\/p>\n\n\n\n<p><strong>Mme Branka HORVAT<\/strong>, directrice de recherche, directrice d&#8217;une \u00e9quipe au Centre international de recherche en infectiologie ; 27 ans de services.<\/p>\n\n\n\n<p><strong>Mme <strong>Karine<\/strong> LACOMBE<\/strong>, professeure des universit\u00e9s-praticienne hospitali\u00e8re, infectiologue, cheffe de service des maladies infectieuses et tropicales \u00e0 l&#8217;h\u00f4pital Saint-Antoine ; 21 ans de services.<\/p>\n\n\n\n<p><strong>M. Nicolas de LAMBALLERIE<\/strong> Xavier, C\u00f4me, professeur des universit\u00e9s-praticien hospitalier, directeur de l&#8217;unit\u00e9 des virus \u00e9mergents de l&#8217;Institut national de la sant\u00e9 et de la recherche m\u00e9dicale avec Aix-Marseille Universit\u00e9 et l&#8217;Institut de recherche pour le d\u00e9veloppement, membre du conseil scientifique REACTing ; 28 ans de services.<\/p>\n\n\n\n<p><strong>M. Eric d&#8217;ORTENZIO, <\/strong>m\u00e9decin \u00e9pid\u00e9miologiste, directeur scientifique, coordonnateur scientifique du r\u00e9seau REACTing \u00e0 l&#8217;Institut d&#8217;immunologie, inflammation, infectiologie et microbiologie de l&#8217;Institut national de la sant\u00e9 et de la recherche m\u00e9dicale ; 22 ans de services.<\/p>\n\n\n\n<p><strong>Retrouvez les autres scientifiques <\/strong>nomm\u00e9s Chevaliers de la L\u00e9gion d&#8217;honneur dans le <a href=\"https:\/\/www.legifrance.gouv.fr\/jorf\/id\/JORFTEXT000042846606\" target=\"_blank\" rel=\"noreferrer noopener\">D\u00e9cret du 31 d\u00e9cembre 2020<\/a>.<\/p>\n\n\n\n<p><\/p>\n","protected":false},"excerpt":{"rendered":"<p>Par d\u00e9cret du Pr\u00e9sident de la R\u00e9publique en date du 31 d\u00e9cembre 2020, pris sur le rapport du Premier ministre et des ministres, ont \u00e9t\u00e9 promus ou nomm\u00e9s au grade de Chevalier de la L\u00e9gion d&#8217;honneur plusieurs scientifiques se consacrant \u00e0 la lutte contre l&#8217;antibior\u00e9sistance, parmi lesquel-les : Mme Evelyne JOUVIN-MARCHE, immunologue, directrice de recherche [&hellip;]<\/p>\n","protected":false},"author":139,"featured_media":7221,"comment_status":"closed","ping_status":"open","sticky":false,"template":"","format":"standard","meta":{"footnotes":"","_links_to":"","_links_to_target":""},"categories":[31],"tags":[],"acf":[],"yoast_head":"<!-- This site is optimized with the Yoast SEO plugin v22.8 - https:\/\/yoast.com\/wordpress\/plugins\/seo\/ -->\n<title>Des scientifiques engag\u00e9s dans la lutte contre l&#039;antibior\u00e9sistance distingu\u00e9s - French\u00a0National ANTIBIOTIC RESISTANCE Portal<\/title>\n<meta name=\"description\" content=\"Informations, \u00e9v\u00e8nements et actualit\u00e9s autour de l&#039;Antibior\u00e9sistance en France et \u00e0 l&#039;international.\" \/>\n<meta name=\"robots\" content=\"index, follow, max-snippet:-1, max-image-preview:large, max-video-preview:-1\" \/>\n<link rel=\"canonical\" href=\"https:\/\/ppr-antibioresistance.inserm.fr\/en\/informations-et-communications\/actualites\/des-scientifiques-engages-dans-la-lutte-contre-lantibioresistance-distingues\/\" \/>\n<meta property=\"og:locale\" content=\"en_GB\" \/>\n<meta property=\"og:type\" content=\"article\" \/>\n<meta property=\"og:title\" content=\"Des scientifiques engag\u00e9s dans la lutte contre l&#039;antibior\u00e9sistance distingu\u00e9s - French\u00a0National ANTIBIOTIC RESISTANCE Portal\" \/>\n<meta property=\"og:description\" content=\"Informations, \u00e9v\u00e8nements et actualit\u00e9s autour de l&#039;Antibior\u00e9sistance en France et \u00e0 l&#039;international.\" \/>\n<meta property=\"og:url\" content=\"https:\/\/ppr-antibioresistance.inserm.fr\/en\/informations-et-communications\/actualites\/des-scientifiques-engages-dans-la-lutte-contre-lantibioresistance-distingues\/\" \/>\n<meta property=\"og:site_name\" content=\"French\u00a0National ANTIBIOTIC RESISTANCE Portal\" \/>\n<meta property=\"article:published_time\" content=\"2021-01-07T16:32:53+00:00\" \/>\n<meta property=\"article:modified_time\" content=\"2021-05-20T09:27:44+00:00\" \/>\n<meta property=\"og:image\" content=\"https:\/\/ppr-antibioresistance.inserm.fr\/wp-content\/uploads\/2021\/01\/LHchevavers-1-scaled.jpg\" \/>\n\t<meta property=\"og:image:width\" content=\"1703\" \/>\n\t<meta property=\"og:image:height\" content=\"2560\" \/>\n\t<meta property=\"og:image:type\" content=\"image\/jpeg\" \/>\n<meta name=\"author\" content=\"\u00c9milie Noguez\" \/>\n<meta name=\"twitter:card\" content=\"summary_large_image\" \/>\n<meta name=\"twitter:label1\" content=\"Written by\" \/>\n\t<meta name=\"twitter:data1\" content=\"\u00c9milie Noguez\" \/>\n\t<meta name=\"twitter:label2\" content=\"Estimated reading time\" \/>\n\t<meta name=\"twitter:data2\" content=\"1 minute\" \/>\n<script type=\"application\/ld+json\" class=\"yoast-schema-graph\">{\"@context\":\"https:\/\/schema.org\",\"@graph\":[{\"@type\":\"NewsArticle\",\"@id\":\"https:\/\/ppr-antibioresistance.inserm.fr\/en\/informations-et-communications\/actualites\/des-scientifiques-engages-dans-la-lutte-contre-lantibioresistance-distingues\/#article\",\"isPartOf\":{\"@id\":\"https:\/\/ppr-antibioresistance.inserm.fr\/en\/informations-et-communications\/actualites\/des-scientifiques-engages-dans-la-lutte-contre-lantibioresistance-distingues\/\"},\"author\":{\"name\":\"\u00c9milie Noguez\",\"@id\":\"https:\/\/ppr-antibioresistance.inserm.fr\/en\/#\/schema\/person\/6ae79ca06cbeaec66ef5e976b54606b3\"},\"headline\":\"Des scientifiques engag\u00e9s dans la lutte contre l&#8217;antibior\u00e9sistance distingu\u00e9s\",\"datePublished\":\"2021-01-07T16:32:53+00:00\",\"dateModified\":\"2021-05-20T09:27:44+00:00\",\"mainEntityOfPage\":{\"@id\":\"https:\/\/ppr-antibioresistance.inserm.fr\/en\/informations-et-communications\/actualites\/des-scientifiques-engages-dans-la-lutte-contre-lantibioresistance-distingues\/\"},\"wordCount\":308,\"publisher\":{\"@id\":\"https:\/\/ppr-antibioresistance.inserm.fr\/en\/#organization\"},\"image\":{\"@id\":\"https:\/\/ppr-antibioresistance.inserm.fr\/en\/informations-et-communications\/actualites\/des-scientifiques-engages-dans-la-lutte-contre-lantibioresistance-distingues\/#primaryimage\"},\"thumbnailUrl\":\"https:\/\/ppr-antibioresistance.inserm.fr\/wp-content\/uploads\/2021\/01\/LHchevavers-1-scaled.jpg\",\"articleSection\":[\"Actualit\u00e9s\"],\"inLanguage\":\"en-GB\"},{\"@type\":[\"WebPage\",\"ItemPage\"],\"@id\":\"https:\/\/ppr-antibioresistance.inserm.fr\/en\/informations-et-communications\/actualites\/des-scientifiques-engages-dans-la-lutte-contre-lantibioresistance-distingues\/\",\"url\":\"https:\/\/ppr-antibioresistance.inserm.fr\/en\/informations-et-communications\/actualites\/des-scientifiques-engages-dans-la-lutte-contre-lantibioresistance-distingues\/\",\"name\":\"Des scientifiques engag\u00e9s dans la lutte contre l'antibior\u00e9sistance distingu\u00e9s - French\u00a0National ANTIBIOTIC RESISTANCE Portal\",\"isPartOf\":{\"@id\":\"https:\/\/ppr-antibioresistance.inserm.fr\/en\/#website\"},\"primaryImageOfPage\":{\"@id\":\"https:\/\/ppr-antibioresistance.inserm.fr\/en\/informations-et-communications\/actualites\/des-scientifiques-engages-dans-la-lutte-contre-lantibioresistance-distingues\/#primaryimage\"},\"image\":{\"@id\":\"https:\/\/ppr-antibioresistance.inserm.fr\/en\/informations-et-communications\/actualites\/des-scientifiques-engages-dans-la-lutte-contre-lantibioresistance-distingues\/#primaryimage\"},\"thumbnailUrl\":\"https:\/\/ppr-antibioresistance.inserm.fr\/wp-content\/uploads\/2021\/01\/LHchevavers-1-scaled.jpg\",\"datePublished\":\"2021-01-07T16:32:53+00:00\",\"dateModified\":\"2021-05-20T09:27:44+00:00\",\"description\":\"Informations, \u00e9v\u00e8nements et actualit\u00e9s autour de l'Antibior\u00e9sistance en France et \u00e0 l'international.\",\"breadcrumb\":{\"@id\":\"https:\/\/ppr-antibioresistance.inserm.fr\/en\/informations-et-communications\/actualites\/des-scientifiques-engages-dans-la-lutte-contre-lantibioresistance-distingues\/#breadcrumb\"},\"inLanguage\":\"en-GB\",\"potentialAction\":[{\"@type\":\"ReadAction\",\"target\":[\"https:\/\/ppr-antibioresistance.inserm.fr\/en\/informations-et-communications\/actualites\/des-scientifiques-engages-dans-la-lutte-contre-lantibioresistance-distingues\/\"]}]},{\"@type\":\"ImageObject\",\"inLanguage\":\"en-GB\",\"@id\":\"https:\/\/ppr-antibioresistance.inserm.fr\/en\/informations-et-communications\/actualites\/des-scientifiques-engages-dans-la-lutte-contre-lantibioresistance-distingues\/#primaryimage\",\"url\":\"https:\/\/ppr-antibioresistance.inserm.fr\/wp-content\/uploads\/2021\/01\/LHchevavers-1-scaled.jpg\",\"contentUrl\":\"https:\/\/ppr-antibioresistance.inserm.fr\/wp-content\/uploads\/2021\/01\/LHchevavers-1-scaled.jpg\",\"width\":1703,\"height\":2560,\"caption\":\"Cr\u00e9dit : ECPAD\"},{\"@type\":\"BreadcrumbList\",\"@id\":\"https:\/\/ppr-antibioresistance.inserm.fr\/en\/informations-et-communications\/actualites\/des-scientifiques-engages-dans-la-lutte-contre-lantibioresistance-distingues\/#breadcrumb\",\"itemListElement\":[{\"@type\":\"ListItem\",\"position\":1,\"name\":\"Home\",\"item\":\"https:\/\/ppr-antibioresistance.inserm.fr\/en\/\"},{\"@type\":\"ListItem\",\"position\":2,\"name\":\"Practical info &amp; communications\",\"item\":\"https:\/\/ppr-antibioresistance.inserm.fr\/en\/info-communication\/\"},{\"@type\":\"ListItem\",\"position\":3,\"name\":\"News\",\"item\":\"https:\/\/ppr-antibioresistance.inserm.fr\/en\/info-communication\/news\/\"},{\"@type\":\"ListItem\",\"position\":4,\"name\":\"Des scientifiques engag\u00e9s dans la lutte contre l&#8217;antibior\u00e9sistance distingu\u00e9s\"}]},{\"@type\":\"WebSite\",\"@id\":\"https:\/\/ppr-antibioresistance.inserm.fr\/en\/#website\",\"url\":\"https:\/\/ppr-antibioresistance.inserm.fr\/en\/\",\"name\":\"French\u00a0National ANTIBIOTIC RESISTANCE Portal\",\"description\":\"INSERM - From science to health\",\"publisher\":{\"@id\":\"https:\/\/ppr-antibioresistance.inserm.fr\/en\/#organization\"},\"potentialAction\":[{\"@type\":\"SearchAction\",\"target\":{\"@type\":\"EntryPoint\",\"urlTemplate\":\"https:\/\/ppr-antibioresistance.inserm.fr\/en\/?s={search_term_string}\"},\"query-input\":\"required name=search_term_string\"}],\"inLanguage\":\"en-GB\"},{\"@type\":\"Organization\",\"@id\":\"https:\/\/ppr-antibioresistance.inserm.fr\/en\/#organization\",\"name\":\"Inserm\",\"url\":\"https:\/\/ppr-antibioresistance.inserm.fr\/en\/\",\"logo\":{\"@type\":\"ImageObject\",\"inLanguage\":\"en-GB\",\"@id\":\"https:\/\/ppr-antibioresistance.inserm.fr\/en\/#\/schema\/logo\/image\/\",\"url\":\"https:\/\/ppr-antibioresistance.inserm.fr\/wp-content\/uploads\/2020\/05\/logo-inserm-ppra.svg\",\"contentUrl\":\"https:\/\/ppr-antibioresistance.inserm.fr\/wp-content\/uploads\/2020\/05\/logo-inserm-ppra.svg\",\"width\":1,\"height\":1,\"caption\":\"Inserm\"},\"image\":{\"@id\":\"https:\/\/ppr-antibioresistance.inserm.fr\/en\/#\/schema\/logo\/image\/\"}},{\"@type\":\"Person\",\"@id\":\"https:\/\/ppr-antibioresistance.inserm.fr\/en\/#\/schema\/person\/6ae79ca06cbeaec66ef5e976b54606b3\",\"name\":\"\u00c9milie Noguez\"}]}<\/script>\n<!-- \/ Yoast SEO plugin. -->","yoast_head_json":{"title":"Des scientifiques engag\u00e9s dans la lutte contre l'antibior\u00e9sistance distingu\u00e9s - French\u00a0National ANTIBIOTIC RESISTANCE Portal","description":"Informations, \u00e9v\u00e8nements et actualit\u00e9s autour de l'Antibior\u00e9sistance en France et \u00e0 l'international.","robots":{"index":"index","follow":"follow","max-snippet":"max-snippet:-1","max-image-preview":"max-image-preview:large","max-video-preview":"max-video-preview:-1"},"canonical":"https:\/\/ppr-antibioresistance.inserm.fr\/en\/informations-et-communications\/actualites\/des-scientifiques-engages-dans-la-lutte-contre-lantibioresistance-distingues\/","og_locale":"en_GB","og_type":"article","og_title":"Des scientifiques engag\u00e9s dans la lutte contre l'antibior\u00e9sistance distingu\u00e9s - French\u00a0National ANTIBIOTIC RESISTANCE Portal","og_description":"Informations, \u00e9v\u00e8nements et actualit\u00e9s autour de l'Antibior\u00e9sistance en France et \u00e0 l'international.","og_url":"https:\/\/ppr-antibioresistance.inserm.fr\/en\/informations-et-communications\/actualites\/des-scientifiques-engages-dans-la-lutte-contre-lantibioresistance-distingues\/","og_site_name":"French\u00a0National ANTIBIOTIC RESISTANCE Portal","article_published_time":"2021-01-07T16:32:53+00:00","article_modified_time":"2021-05-20T09:27:44+00:00","og_image":[{"width":1703,"height":2560,"url":"https:\/\/ppr-antibioresistance.inserm.fr\/wp-content\/uploads\/2021\/01\/LHchevavers-1-scaled.jpg","type":"image\/jpeg"}],"author":"\u00c9milie Noguez","twitter_card":"summary_large_image","twitter_misc":{"Written by":"\u00c9milie Noguez","Estimated reading time":"1 minute"},"schema":{"@context":"https:\/\/schema.org","@graph":[{"@type":"NewsArticle","@id":"https:\/\/ppr-antibioresistance.inserm.fr\/en\/informations-et-communications\/actualites\/des-scientifiques-engages-dans-la-lutte-contre-lantibioresistance-distingues\/#article","isPartOf":{"@id":"https:\/\/ppr-antibioresistance.inserm.fr\/en\/informations-et-communications\/actualites\/des-scientifiques-engages-dans-la-lutte-contre-lantibioresistance-distingues\/"},"author":{"name":"\u00c9milie Noguez","@id":"https:\/\/ppr-antibioresistance.inserm.fr\/en\/#\/schema\/person\/6ae79ca06cbeaec66ef5e976b54606b3"},"headline":"Des scientifiques engag\u00e9s dans la lutte contre l&#8217;antibior\u00e9sistance distingu\u00e9s","datePublished":"2021-01-07T16:32:53+00:00","dateModified":"2021-05-20T09:27:44+00:00","mainEntityOfPage":{"@id":"https:\/\/ppr-antibioresistance.inserm.fr\/en\/informations-et-communications\/actualites\/des-scientifiques-engages-dans-la-lutte-contre-lantibioresistance-distingues\/"},"wordCount":308,"publisher":{"@id":"https:\/\/ppr-antibioresistance.inserm.fr\/en\/#organization"},"image":{"@id":"https:\/\/ppr-antibioresistance.inserm.fr\/en\/informations-et-communications\/actualites\/des-scientifiques-engages-dans-la-lutte-contre-lantibioresistance-distingues\/#primaryimage"},"thumbnailUrl":"https:\/\/ppr-antibioresistance.inserm.fr\/wp-content\/uploads\/2021\/01\/LHchevavers-1-scaled.jpg","articleSection":["Actualit\u00e9s"],"inLanguage":"en-GB"},{"@type":["WebPage","ItemPage"],"@id":"https:\/\/ppr-antibioresistance.inserm.fr\/en\/informations-et-communications\/actualites\/des-scientifiques-engages-dans-la-lutte-contre-lantibioresistance-distingues\/","url":"https:\/\/ppr-antibioresistance.inserm.fr\/en\/informations-et-communications\/actualites\/des-scientifiques-engages-dans-la-lutte-contre-lantibioresistance-distingues\/","name":"Des scientifiques engag\u00e9s dans la lutte contre l'antibior\u00e9sistance distingu\u00e9s - French\u00a0National ANTIBIOTIC RESISTANCE Portal","isPartOf":{"@id":"https:\/\/ppr-antibioresistance.inserm.fr\/en\/#website"},"primaryImageOfPage":{"@id":"https:\/\/ppr-antibioresistance.inserm.fr\/en\/informations-et-communications\/actualites\/des-scientifiques-engages-dans-la-lutte-contre-lantibioresistance-distingues\/#primaryimage"},"image":{"@id":"https:\/\/ppr-antibioresistance.inserm.fr\/en\/informations-et-communications\/actualites\/des-scientifiques-engages-dans-la-lutte-contre-lantibioresistance-distingues\/#primaryimage"},"thumbnailUrl":"https:\/\/ppr-antibioresistance.inserm.fr\/wp-content\/uploads\/2021\/01\/LHchevavers-1-scaled.jpg","datePublished":"2021-01-07T16:32:53+00:00","dateModified":"2021-05-20T09:27:44+00:00","description":"Informations, \u00e9v\u00e8nements et actualit\u00e9s autour de l'Antibior\u00e9sistance en France et \u00e0 l'international.","breadcrumb":{"@id":"https:\/\/ppr-antibioresistance.inserm.fr\/en\/informations-et-communications\/actualites\/des-scientifiques-engages-dans-la-lutte-contre-lantibioresistance-distingues\/#breadcrumb"},"inLanguage":"en-GB","potentialAction":[{"@type":"ReadAction","target":["https:\/\/ppr-antibioresistance.inserm.fr\/en\/informations-et-communications\/actualites\/des-scientifiques-engages-dans-la-lutte-contre-lantibioresistance-distingues\/"]}]},{"@type":"ImageObject","inLanguage":"en-GB","@id":"https:\/\/ppr-antibioresistance.inserm.fr\/en\/informations-et-communications\/actualites\/des-scientifiques-engages-dans-la-lutte-contre-lantibioresistance-distingues\/#primaryimage","url":"https:\/\/ppr-antibioresistance.inserm.fr\/wp-content\/uploads\/2021\/01\/LHchevavers-1-scaled.jpg","contentUrl":"https:\/\/ppr-antibioresistance.inserm.fr\/wp-content\/uploads\/2021\/01\/LHchevavers-1-scaled.jpg","width":1703,"height":2560,"caption":"Cr\u00e9dit : ECPAD"},{"@type":"BreadcrumbList","@id":"https:\/\/ppr-antibioresistance.inserm.fr\/en\/informations-et-communications\/actualites\/des-scientifiques-engages-dans-la-lutte-contre-lantibioresistance-distingues\/#breadcrumb","itemListElement":[{"@type":"ListItem","position":1,"name":"Home","item":"https:\/\/ppr-antibioresistance.inserm.fr\/en\/"},{"@type":"ListItem","position":2,"name":"Practical info &amp; communications","item":"https:\/\/ppr-antibioresistance.inserm.fr\/en\/info-communication\/"},{"@type":"ListItem","position":3,"name":"News","item":"https:\/\/ppr-antibioresistance.inserm.fr\/en\/info-communication\/news\/"},{"@type":"ListItem","position":4,"name":"Des scientifiques engag\u00e9s dans la lutte contre l&#8217;antibior\u00e9sistance distingu\u00e9s"}]},{"@type":"WebSite","@id":"https:\/\/ppr-antibioresistance.inserm.fr\/en\/#website","url":"https:\/\/ppr-antibioresistance.inserm.fr\/en\/","name":"French\u00a0National ANTIBIOTIC RESISTANCE Portal","description":"INSERM - From science to health","publisher":{"@id":"https:\/\/ppr-antibioresistance.inserm.fr\/en\/#organization"},"potentialAction":[{"@type":"SearchAction","target":{"@type":"EntryPoint","urlTemplate":"https:\/\/ppr-antibioresistance.inserm.fr\/en\/?s={search_term_string}"},"query-input":"required name=search_term_string"}],"inLanguage":"en-GB"},{"@type":"Organization","@id":"https:\/\/ppr-antibioresistance.inserm.fr\/en\/#organization","name":"Inserm","url":"https:\/\/ppr-antibioresistance.inserm.fr\/en\/","logo":{"@type":"ImageObject","inLanguage":"en-GB","@id":"https:\/\/ppr-antibioresistance.inserm.fr\/en\/#\/schema\/logo\/image\/","url":"https:\/\/ppr-antibioresistance.inserm.fr\/wp-content\/uploads\/2020\/05\/logo-inserm-ppra.svg","contentUrl":"https:\/\/ppr-antibioresistance.inserm.fr\/wp-content\/uploads\/2020\/05\/logo-inserm-ppra.svg","width":1,"height":1,"caption":"Inserm"},"image":{"@id":"https:\/\/ppr-antibioresistance.inserm.fr\/en\/#\/schema\/logo\/image\/"}},{"@type":"Person","@id":"https:\/\/ppr-antibioresistance.inserm.fr\/en\/#\/schema\/person\/6ae79ca06cbeaec66ef5e976b54606b3","name":"\u00c9milie Noguez"}]}},"publishpress_future_action":{"enabled":false,"date":"2026-05-05 02:03:12","action":"change-status","newStatus":"private","terms":[],"taxonomy":"category"},"post_mailing_queue_ids":[],"_links":{"self":[{"href":"https:\/\/ppr-antibioresistance.inserm.fr\/en\/wp-json\/wp\/v2\/posts\/6467"}],"collection":[{"href":"https:\/\/ppr-antibioresistance.inserm.fr\/en\/wp-json\/wp\/v2\/posts"}],"about":[{"href":"https:\/\/ppr-antibioresistance.inserm.fr\/en\/wp-json\/wp\/v2\/types\/post"}],"author":[{"embeddable":true,"href":"https:\/\/ppr-antibioresistance.inserm.fr\/en\/wp-json\/wp\/v2\/users\/139"}],"replies":[{"embeddable":true,"href":"https:\/\/ppr-antibioresistance.inserm.fr\/en\/wp-json\/wp\/v2\/comments?post=6467"}],"version-history":[{"count":25,"href":"https:\/\/ppr-antibioresistance.inserm.fr\/en\/wp-json\/wp\/v2\/posts\/6467\/revisions"}],"predecessor-version":[{"id":7069,"href":"https:\/\/ppr-antibioresistance.inserm.fr\/en\/wp-json\/wp\/v2\/posts\/6467\/revisions\/7069"}],"wp:featuredmedia":[{"embeddable":true,"href":"https:\/\/ppr-antibioresistance.inserm.fr\/en\/wp-json\/wp\/v2\/media\/7221"}],"wp:attachment":[{"href":"https:\/\/ppr-antibioresistance.inserm.fr\/en\/wp-json\/wp\/v2\/media?parent=6467"}],"wp:term":[{"taxonomy":"category","embeddable":true,"href":"https:\/\/ppr-antibioresistance.inserm.fr\/en\/wp-json\/wp\/v2\/categories?post=6467"},{"taxonomy":"post_tag","embeddable":true,"href":"https:\/\/ppr-antibioresistance.inserm.fr\/en\/wp-json\/wp\/v2\/tags?post=6467"}],"curies":[{"name":"wp","href":"https:\/\/api.w.org\/{rel}","templated":true}]}}