{"id":5197,"date":"2020-11-16T13:25:11","date_gmt":"2020-11-16T12:25:11","guid":{"rendered":"https:\/\/ppr-antibioresistance.inserm.fr\/?p=5197"},"modified":"2021-10-11T16:18:36","modified_gmt":"2021-10-11T15:18:36","slug":"european-antibiotic-awareness-day18-nov-2020","status":"publish","type":"post","link":"https:\/\/ppr-antibioresistance.inserm.fr\/en\/informations-et-communications\/actualites\/european-antibiotic-awareness-day18-nov-2020\/","title":{"rendered":"European antibiotic awareness Day,18 Nov. 2020"},"content":{"rendered":"\n<p><\/p>\n\n\n\n<p>The European Antibiotic Awareness Day is an annual European public health initiative that aims at raising awareness on the threat that antibiotic resistance pose to global health, and the importance of appropriate and prudent antibiotic use. <\/p>\n\n\n\n<p>The latest data confirm that across the European Union the number of resistant bacteria infections is increasing, and that antibiotic resistance is a major public health challenge that needs to be addressed. &nbsp;Prudent use of antibiotics can reduce development of resistant bacteria, and allows such medicaments to remain effective for the use of future generations.<\/p>\n\n\n\n<p>This year, the European Antibiotic Awareness Day will be held on the <strong>18<sup>th<\/sup> of November 2020.<\/strong><\/p>\n\n\n\n<p>Find out more about EAAD 2020 <a href=\"https:\/\/antibiotic.ecdc.europa.eu\/en\" target=\"_blank\" rel=\"noreferrer noopener\">here<\/a><\/p>\n\n\n\n<p><\/p>\n","protected":false},"excerpt":{"rendered":"<p>The European Antibiotic Awareness Day is an annual European public health initiative that aims at raising awareness on the threat that antibiotic resistance pose to global health, and the importance of appropriate and prudent antibiotic use. The latest data confirm that across the European Union the number of resistant bacteria infections is increasing, and that [&hellip;]<\/p>\n","protected":false},"author":139,"featured_media":5623,"comment_status":"closed","ping_status":"open","sticky":false,"template":"","format":"standard","meta":{"footnotes":"","_links_to":"","_links_to_target":""},"categories":[31],"tags":[],"acf":[],"yoast_head":"<!-- This site is optimized with the Yoast SEO plugin v22.8 - https:\/\/yoast.com\/wordpress\/plugins\/seo\/ -->\n<title>European antibiotic awareness Day,18 Nov. 2020 - French\u00a0National ANTIBIOTIC RESISTANCE Portal<\/title>\n<meta name=\"description\" content=\"Informations, \u00e9v\u00e8nements et actualit\u00e9s autour de l&#039;Antibior\u00e9sistance en France et \u00e0 l&#039;international.\" \/>\n<meta name=\"robots\" content=\"index, follow, max-snippet:-1, max-image-preview:large, max-video-preview:-1\" \/>\n<link rel=\"canonical\" href=\"https:\/\/ppr-antibioresistance.inserm.fr\/en\/informations-et-communications\/actualites\/european-antibiotic-awareness-day18-nov-2020\/\" \/>\n<meta property=\"og:locale\" content=\"en_GB\" \/>\n<meta property=\"og:type\" content=\"article\" \/>\n<meta property=\"og:title\" content=\"European antibiotic awareness Day,18 Nov. 2020 - French\u00a0National ANTIBIOTIC RESISTANCE Portal\" \/>\n<meta property=\"og:description\" content=\"Informations, \u00e9v\u00e8nements et actualit\u00e9s autour de l&#039;Antibior\u00e9sistance en France et \u00e0 l&#039;international.\" \/>\n<meta property=\"og:url\" content=\"https:\/\/ppr-antibioresistance.inserm.fr\/en\/informations-et-communications\/actualites\/european-antibiotic-awareness-day18-nov-2020\/\" \/>\n<meta property=\"og:site_name\" content=\"French\u00a0National ANTIBIOTIC RESISTANCE Portal\" \/>\n<meta property=\"article:published_time\" content=\"2020-11-16T12:25:11+00:00\" \/>\n<meta property=\"article:modified_time\" content=\"2021-10-11T15:18:36+00:00\" \/>\n<meta property=\"og:image\" content=\"https:\/\/ppr-antibioresistance.inserm.fr\/wp-content\/uploads\/2020\/11\/Banner_EAAD_1920x480_Miko.png\" \/>\n\t<meta property=\"og:image:width\" content=\"500\" \/>\n\t<meta property=\"og:image:height\" content=\"125\" \/>\n\t<meta property=\"og:image:type\" content=\"image\/png\" \/>\n<meta name=\"author\" content=\"\u00c9milie Noguez\" \/>\n<meta name=\"twitter:card\" content=\"summary_large_image\" \/>\n<meta name=\"twitter:label1\" content=\"Written by\" \/>\n\t<meta name=\"twitter:data1\" content=\"\u00c9milie Noguez\" \/>\n\t<meta name=\"twitter:label2\" content=\"Estimated reading time\" \/>\n\t<meta name=\"twitter:data2\" content=\"1 minute\" \/>\n<script type=\"application\/ld+json\" class=\"yoast-schema-graph\">{\"@context\":\"https:\/\/schema.org\",\"@graph\":[{\"@type\":\"NewsArticle\",\"@id\":\"https:\/\/ppr-antibioresistance.inserm.fr\/en\/informations-et-communications\/actualites\/european-antibiotic-awareness-day18-nov-2020\/#article\",\"isPartOf\":{\"@id\":\"https:\/\/ppr-antibioresistance.inserm.fr\/en\/informations-et-communications\/actualites\/european-antibiotic-awareness-day18-nov-2020\/\"},\"author\":{\"name\":\"\u00c9milie Noguez\",\"@id\":\"https:\/\/ppr-antibioresistance.inserm.fr\/en\/#\/schema\/person\/6ae79ca06cbeaec66ef5e976b54606b3\"},\"headline\":\"European antibiotic awareness Day,18 Nov. 2020\",\"datePublished\":\"2020-11-16T12:25:11+00:00\",\"dateModified\":\"2021-10-11T15:18:36+00:00\",\"mainEntityOfPage\":{\"@id\":\"https:\/\/ppr-antibioresistance.inserm.fr\/en\/informations-et-communications\/actualites\/european-antibiotic-awareness-day18-nov-2020\/\"},\"wordCount\":118,\"publisher\":{\"@id\":\"https:\/\/ppr-antibioresistance.inserm.fr\/en\/#organization\"},\"image\":{\"@id\":\"https:\/\/ppr-antibioresistance.inserm.fr\/en\/informations-et-communications\/actualites\/european-antibiotic-awareness-day18-nov-2020\/#primaryimage\"},\"thumbnailUrl\":\"https:\/\/ppr-antibioresistance.inserm.fr\/wp-content\/uploads\/2020\/11\/Banner_EAAD_1920x480_Miko.png\",\"articleSection\":[\"Actualit\u00e9s\"],\"inLanguage\":\"en-GB\"},{\"@type\":[\"WebPage\",\"ItemPage\"],\"@id\":\"https:\/\/ppr-antibioresistance.inserm.fr\/en\/informations-et-communications\/actualites\/european-antibiotic-awareness-day18-nov-2020\/\",\"url\":\"https:\/\/ppr-antibioresistance.inserm.fr\/en\/informations-et-communications\/actualites\/european-antibiotic-awareness-day18-nov-2020\/\",\"name\":\"European antibiotic awareness Day,18 Nov. 2020 - French\u00a0National ANTIBIOTIC RESISTANCE Portal\",\"isPartOf\":{\"@id\":\"https:\/\/ppr-antibioresistance.inserm.fr\/en\/#website\"},\"primaryImageOfPage\":{\"@id\":\"https:\/\/ppr-antibioresistance.inserm.fr\/en\/informations-et-communications\/actualites\/european-antibiotic-awareness-day18-nov-2020\/#primaryimage\"},\"image\":{\"@id\":\"https:\/\/ppr-antibioresistance.inserm.fr\/en\/informations-et-communications\/actualites\/european-antibiotic-awareness-day18-nov-2020\/#primaryimage\"},\"thumbnailUrl\":\"https:\/\/ppr-antibioresistance.inserm.fr\/wp-content\/uploads\/2020\/11\/Banner_EAAD_1920x480_Miko.png\",\"datePublished\":\"2020-11-16T12:25:11+00:00\",\"dateModified\":\"2021-10-11T15:18:36+00:00\",\"description\":\"Informations, \u00e9v\u00e8nements et actualit\u00e9s autour de l'Antibior\u00e9sistance en France et \u00e0 l'international.\",\"breadcrumb\":{\"@id\":\"https:\/\/ppr-antibioresistance.inserm.fr\/en\/informations-et-communications\/actualites\/european-antibiotic-awareness-day18-nov-2020\/#breadcrumb\"},\"inLanguage\":\"en-GB\",\"potentialAction\":[{\"@type\":\"ReadAction\",\"target\":[\"https:\/\/ppr-antibioresistance.inserm.fr\/en\/informations-et-communications\/actualites\/european-antibiotic-awareness-day18-nov-2020\/\"]}]},{\"@type\":\"ImageObject\",\"inLanguage\":\"en-GB\",\"@id\":\"https:\/\/ppr-antibioresistance.inserm.fr\/en\/informations-et-communications\/actualites\/european-antibiotic-awareness-day18-nov-2020\/#primaryimage\",\"url\":\"https:\/\/ppr-antibioresistance.inserm.fr\/wp-content\/uploads\/2020\/11\/Banner_EAAD_1920x480_Miko.png\",\"contentUrl\":\"https:\/\/ppr-antibioresistance.inserm.fr\/wp-content\/uploads\/2020\/11\/Banner_EAAD_1920x480_Miko.png\",\"width\":500,\"height\":125,\"caption\":\"Cr\u00e9dit : EAAD 2020\"},{\"@type\":\"BreadcrumbList\",\"@id\":\"https:\/\/ppr-antibioresistance.inserm.fr\/en\/informations-et-communications\/actualites\/european-antibiotic-awareness-day18-nov-2020\/#breadcrumb\",\"itemListElement\":[{\"@type\":\"ListItem\",\"position\":1,\"name\":\"Home\",\"item\":\"https:\/\/ppr-antibioresistance.inserm.fr\/en\/\"},{\"@type\":\"ListItem\",\"position\":2,\"name\":\"Practical info &amp; communications\",\"item\":\"https:\/\/ppr-antibioresistance.inserm.fr\/en\/info-communication\/\"},{\"@type\":\"ListItem\",\"position\":3,\"name\":\"News\",\"item\":\"https:\/\/ppr-antibioresistance.inserm.fr\/en\/info-communication\/news\/\"},{\"@type\":\"ListItem\",\"position\":4,\"name\":\"European antibiotic awareness Day,18 Nov. 2020\"}]},{\"@type\":\"WebSite\",\"@id\":\"https:\/\/ppr-antibioresistance.inserm.fr\/en\/#website\",\"url\":\"https:\/\/ppr-antibioresistance.inserm.fr\/en\/\",\"name\":\"French\u00a0National ANTIBIOTIC RESISTANCE Portal\",\"description\":\"INSERM - From science to health\",\"publisher\":{\"@id\":\"https:\/\/ppr-antibioresistance.inserm.fr\/en\/#organization\"},\"potentialAction\":[{\"@type\":\"SearchAction\",\"target\":{\"@type\":\"EntryPoint\",\"urlTemplate\":\"https:\/\/ppr-antibioresistance.inserm.fr\/en\/?s={search_term_string}\"},\"query-input\":\"required name=search_term_string\"}],\"inLanguage\":\"en-GB\"},{\"@type\":\"Organization\",\"@id\":\"https:\/\/ppr-antibioresistance.inserm.fr\/en\/#organization\",\"name\":\"Inserm\",\"url\":\"https:\/\/ppr-antibioresistance.inserm.fr\/en\/\",\"logo\":{\"@type\":\"ImageObject\",\"inLanguage\":\"en-GB\",\"@id\":\"https:\/\/ppr-antibioresistance.inserm.fr\/en\/#\/schema\/logo\/image\/\",\"url\":\"https:\/\/ppr-antibioresistance.inserm.fr\/wp-content\/uploads\/2020\/05\/logo-inserm-ppra.svg\",\"contentUrl\":\"https:\/\/ppr-antibioresistance.inserm.fr\/wp-content\/uploads\/2020\/05\/logo-inserm-ppra.svg\",\"width\":1,\"height\":1,\"caption\":\"Inserm\"},\"image\":{\"@id\":\"https:\/\/ppr-antibioresistance.inserm.fr\/en\/#\/schema\/logo\/image\/\"}},{\"@type\":\"Person\",\"@id\":\"https:\/\/ppr-antibioresistance.inserm.fr\/en\/#\/schema\/person\/6ae79ca06cbeaec66ef5e976b54606b3\",\"name\":\"\u00c9milie Noguez\"}]}<\/script>\n<!-- \/ Yoast SEO plugin. -->","yoast_head_json":{"title":"European antibiotic awareness Day,18 Nov. 2020 - French\u00a0National ANTIBIOTIC RESISTANCE Portal","description":"Informations, \u00e9v\u00e8nements et actualit\u00e9s autour de l'Antibior\u00e9sistance en France et \u00e0 l'international.","robots":{"index":"index","follow":"follow","max-snippet":"max-snippet:-1","max-image-preview":"max-image-preview:large","max-video-preview":"max-video-preview:-1"},"canonical":"https:\/\/ppr-antibioresistance.inserm.fr\/en\/informations-et-communications\/actualites\/european-antibiotic-awareness-day18-nov-2020\/","og_locale":"en_GB","og_type":"article","og_title":"European antibiotic awareness Day,18 Nov. 2020 - French\u00a0National ANTIBIOTIC RESISTANCE Portal","og_description":"Informations, \u00e9v\u00e8nements et actualit\u00e9s autour de l'Antibior\u00e9sistance en France et \u00e0 l'international.","og_url":"https:\/\/ppr-antibioresistance.inserm.fr\/en\/informations-et-communications\/actualites\/european-antibiotic-awareness-day18-nov-2020\/","og_site_name":"French\u00a0National ANTIBIOTIC RESISTANCE Portal","article_published_time":"2020-11-16T12:25:11+00:00","article_modified_time":"2021-10-11T15:18:36+00:00","og_image":[{"width":500,"height":125,"url":"https:\/\/ppr-antibioresistance.inserm.fr\/wp-content\/uploads\/2020\/11\/Banner_EAAD_1920x480_Miko.png","type":"image\/png"}],"author":"\u00c9milie Noguez","twitter_card":"summary_large_image","twitter_misc":{"Written by":"\u00c9milie Noguez","Estimated reading time":"1 minute"},"schema":{"@context":"https:\/\/schema.org","@graph":[{"@type":"NewsArticle","@id":"https:\/\/ppr-antibioresistance.inserm.fr\/en\/informations-et-communications\/actualites\/european-antibiotic-awareness-day18-nov-2020\/#article","isPartOf":{"@id":"https:\/\/ppr-antibioresistance.inserm.fr\/en\/informations-et-communications\/actualites\/european-antibiotic-awareness-day18-nov-2020\/"},"author":{"name":"\u00c9milie Noguez","@id":"https:\/\/ppr-antibioresistance.inserm.fr\/en\/#\/schema\/person\/6ae79ca06cbeaec66ef5e976b54606b3"},"headline":"European antibiotic awareness Day,18 Nov. 2020","datePublished":"2020-11-16T12:25:11+00:00","dateModified":"2021-10-11T15:18:36+00:00","mainEntityOfPage":{"@id":"https:\/\/ppr-antibioresistance.inserm.fr\/en\/informations-et-communications\/actualites\/european-antibiotic-awareness-day18-nov-2020\/"},"wordCount":118,"publisher":{"@id":"https:\/\/ppr-antibioresistance.inserm.fr\/en\/#organization"},"image":{"@id":"https:\/\/ppr-antibioresistance.inserm.fr\/en\/informations-et-communications\/actualites\/european-antibiotic-awareness-day18-nov-2020\/#primaryimage"},"thumbnailUrl":"https:\/\/ppr-antibioresistance.inserm.fr\/wp-content\/uploads\/2020\/11\/Banner_EAAD_1920x480_Miko.png","articleSection":["Actualit\u00e9s"],"inLanguage":"en-GB"},{"@type":["WebPage","ItemPage"],"@id":"https:\/\/ppr-antibioresistance.inserm.fr\/en\/informations-et-communications\/actualites\/european-antibiotic-awareness-day18-nov-2020\/","url":"https:\/\/ppr-antibioresistance.inserm.fr\/en\/informations-et-communications\/actualites\/european-antibiotic-awareness-day18-nov-2020\/","name":"European antibiotic awareness Day,18 Nov. 2020 - French\u00a0National ANTIBIOTIC RESISTANCE Portal","isPartOf":{"@id":"https:\/\/ppr-antibioresistance.inserm.fr\/en\/#website"},"primaryImageOfPage":{"@id":"https:\/\/ppr-antibioresistance.inserm.fr\/en\/informations-et-communications\/actualites\/european-antibiotic-awareness-day18-nov-2020\/#primaryimage"},"image":{"@id":"https:\/\/ppr-antibioresistance.inserm.fr\/en\/informations-et-communications\/actualites\/european-antibiotic-awareness-day18-nov-2020\/#primaryimage"},"thumbnailUrl":"https:\/\/ppr-antibioresistance.inserm.fr\/wp-content\/uploads\/2020\/11\/Banner_EAAD_1920x480_Miko.png","datePublished":"2020-11-16T12:25:11+00:00","dateModified":"2021-10-11T15:18:36+00:00","description":"Informations, \u00e9v\u00e8nements et actualit\u00e9s autour de l'Antibior\u00e9sistance en France et \u00e0 l'international.","breadcrumb":{"@id":"https:\/\/ppr-antibioresistance.inserm.fr\/en\/informations-et-communications\/actualites\/european-antibiotic-awareness-day18-nov-2020\/#breadcrumb"},"inLanguage":"en-GB","potentialAction":[{"@type":"ReadAction","target":["https:\/\/ppr-antibioresistance.inserm.fr\/en\/informations-et-communications\/actualites\/european-antibiotic-awareness-day18-nov-2020\/"]}]},{"@type":"ImageObject","inLanguage":"en-GB","@id":"https:\/\/ppr-antibioresistance.inserm.fr\/en\/informations-et-communications\/actualites\/european-antibiotic-awareness-day18-nov-2020\/#primaryimage","url":"https:\/\/ppr-antibioresistance.inserm.fr\/wp-content\/uploads\/2020\/11\/Banner_EAAD_1920x480_Miko.png","contentUrl":"https:\/\/ppr-antibioresistance.inserm.fr\/wp-content\/uploads\/2020\/11\/Banner_EAAD_1920x480_Miko.png","width":500,"height":125,"caption":"Cr\u00e9dit : EAAD 2020"},{"@type":"BreadcrumbList","@id":"https:\/\/ppr-antibioresistance.inserm.fr\/en\/informations-et-communications\/actualites\/european-antibiotic-awareness-day18-nov-2020\/#breadcrumb","itemListElement":[{"@type":"ListItem","position":1,"name":"Home","item":"https:\/\/ppr-antibioresistance.inserm.fr\/en\/"},{"@type":"ListItem","position":2,"name":"Practical info &amp; communications","item":"https:\/\/ppr-antibioresistance.inserm.fr\/en\/info-communication\/"},{"@type":"ListItem","position":3,"name":"News","item":"https:\/\/ppr-antibioresistance.inserm.fr\/en\/info-communication\/news\/"},{"@type":"ListItem","position":4,"name":"European antibiotic awareness Day,18 Nov. 2020"}]},{"@type":"WebSite","@id":"https:\/\/ppr-antibioresistance.inserm.fr\/en\/#website","url":"https:\/\/ppr-antibioresistance.inserm.fr\/en\/","name":"French\u00a0National ANTIBIOTIC RESISTANCE Portal","description":"INSERM - From science to health","publisher":{"@id":"https:\/\/ppr-antibioresistance.inserm.fr\/en\/#organization"},"potentialAction":[{"@type":"SearchAction","target":{"@type":"EntryPoint","urlTemplate":"https:\/\/ppr-antibioresistance.inserm.fr\/en\/?s={search_term_string}"},"query-input":"required name=search_term_string"}],"inLanguage":"en-GB"},{"@type":"Organization","@id":"https:\/\/ppr-antibioresistance.inserm.fr\/en\/#organization","name":"Inserm","url":"https:\/\/ppr-antibioresistance.inserm.fr\/en\/","logo":{"@type":"ImageObject","inLanguage":"en-GB","@id":"https:\/\/ppr-antibioresistance.inserm.fr\/en\/#\/schema\/logo\/image\/","url":"https:\/\/ppr-antibioresistance.inserm.fr\/wp-content\/uploads\/2020\/05\/logo-inserm-ppra.svg","contentUrl":"https:\/\/ppr-antibioresistance.inserm.fr\/wp-content\/uploads\/2020\/05\/logo-inserm-ppra.svg","width":1,"height":1,"caption":"Inserm"},"image":{"@id":"https:\/\/ppr-antibioresistance.inserm.fr\/en\/#\/schema\/logo\/image\/"}},{"@type":"Person","@id":"https:\/\/ppr-antibioresistance.inserm.fr\/en\/#\/schema\/person\/6ae79ca06cbeaec66ef5e976b54606b3","name":"\u00c9milie Noguez"}]}},"publishpress_future_action":{"enabled":false,"date":"2026-05-06 23:44:59","action":"change-status","newStatus":"private","terms":[],"taxonomy":"category"},"post_mailing_queue_ids":[],"_links":{"self":[{"href":"https:\/\/ppr-antibioresistance.inserm.fr\/en\/wp-json\/wp\/v2\/posts\/5197"}],"collection":[{"href":"https:\/\/ppr-antibioresistance.inserm.fr\/en\/wp-json\/wp\/v2\/posts"}],"about":[{"href":"https:\/\/ppr-antibioresistance.inserm.fr\/en\/wp-json\/wp\/v2\/types\/post"}],"author":[{"embeddable":true,"href":"https:\/\/ppr-antibioresistance.inserm.fr\/en\/wp-json\/wp\/v2\/users\/139"}],"replies":[{"embeddable":true,"href":"https:\/\/ppr-antibioresistance.inserm.fr\/en\/wp-json\/wp\/v2\/comments?post=5197"}],"version-history":[{"count":33,"href":"https:\/\/ppr-antibioresistance.inserm.fr\/en\/wp-json\/wp\/v2\/posts\/5197\/revisions"}],"predecessor-version":[{"id":18015,"href":"https:\/\/ppr-antibioresistance.inserm.fr\/en\/wp-json\/wp\/v2\/posts\/5197\/revisions\/18015"}],"wp:featuredmedia":[{"embeddable":true,"href":"https:\/\/ppr-antibioresistance.inserm.fr\/en\/wp-json\/wp\/v2\/media\/5623"}],"wp:attachment":[{"href":"https:\/\/ppr-antibioresistance.inserm.fr\/en\/wp-json\/wp\/v2\/media?parent=5197"}],"wp:term":[{"taxonomy":"category","embeddable":true,"href":"https:\/\/ppr-antibioresistance.inserm.fr\/en\/wp-json\/wp\/v2\/categories?post=5197"},{"taxonomy":"post_tag","embeddable":true,"href":"https:\/\/ppr-antibioresistance.inserm.fr\/en\/wp-json\/wp\/v2\/tags?post=5197"}],"curies":[{"name":"wp","href":"https:\/\/api.w.org\/{rel}","templated":true}]}}