{"id":30512,"date":"2025-06-16T15:18:00","date_gmt":"2025-06-16T14:18:00","guid":{"rendered":"https:\/\/ppr-antibioresistance.inserm.fr\/info-communication\/news\/6th-edition-of-regional-antibiotic-awareness-day-jrbua\/"},"modified":"2025-08-07T16:07:51","modified_gmt":"2025-08-07T15:07:51","slug":"6th-edition-of-regional-antibiotic-awareness-day-jrbua","status":"publish","type":"post","link":"https:\/\/ppr-antibioresistance.inserm.fr\/en\/info-communication\/6th-edition-of-regional-antibiotic-awareness-day-jrbua\/","title":{"rendered":"6th edition of Regional Antibiotic Awareness Day (JRBUA)"},"content":{"rendered":"\n<div class=\"wp-block-columns is-layout-flex wp-container-core-columns-is-layout-1 wp-block-columns-is-layout-flex\">\n<div class=\"wp-block-column is-vertically-aligned-center is-layout-flow wp-block-column-is-layout-flow\" style=\"flex-basis:59%\"><div class=\"wp-block-image\">\n<figure class=\"aligncenter size-large\"><img fetchpriority=\"high\" decoding=\"async\" width=\"1024\" height=\"580\" src=\"https:\/\/ppr-antibioresistance.inserm.fr\/wp-content\/uploads\/2025\/06\/6eme-edition-de-la-Journee-Regionale-du-Bon-Usage-des-Antibiotiques-JRBUA-1024x580.jpg\" alt=\"\" class=\"wp-image-30417\" srcset=\"https:\/\/ppr-antibioresistance.inserm.fr\/wp-content\/uploads\/2025\/06\/6eme-edition-de-la-Journee-Regionale-du-Bon-Usage-des-Antibiotiques-JRBUA-1024x580.jpg 1024w, https:\/\/ppr-antibioresistance.inserm.fr\/wp-content\/uploads\/2025\/06\/6eme-edition-de-la-Journee-Regionale-du-Bon-Usage-des-Antibiotiques-JRBUA-300x170.jpg 300w, https:\/\/ppr-antibioresistance.inserm.fr\/wp-content\/uploads\/2025\/06\/6eme-edition-de-la-Journee-Regionale-du-Bon-Usage-des-Antibiotiques-JRBUA-768x435.jpg 768w, https:\/\/ppr-antibioresistance.inserm.fr\/wp-content\/uploads\/2025\/06\/6eme-edition-de-la-Journee-Regionale-du-Bon-Usage-des-Antibiotiques-JRBUA-1536x870.jpg 1536w, https:\/\/ppr-antibioresistance.inserm.fr\/wp-content\/uploads\/2025\/06\/6eme-edition-de-la-Journee-Regionale-du-Bon-Usage-des-Antibiotiques-JRBUA.jpg 2048w\" sizes=\"(max-width: 1024px) 100vw, 1024px\" \/><\/figure><\/div><\/div>\n\n\n\n<div class=\"wp-block-column is-vertically-aligned-center is-layout-flow wp-block-column-is-layout-flow\" style=\"flex-basis:50%\">\n<p>The\u00a0<a href=\"https:\/\/www.antibioest.org\/\" target=\"_blank\" rel=\"noreferrer noopener\">Centre R\u00e9gional en Antibioth\u00e9rapie du Grand Est<\/a>\u00a0is organising the 6th edition of \u00a0<strong>the Regional Day for the Proper Use of Antibiotics<\/strong>. This event will take place on Thursday 20 November 2025 in the Chepfer Room at \u2019H\u00f4tel de Ville of Nancy.<\/p>\n\n\n\n<p>Registration is free but mandatory.<\/p>\n\n\n\n<p>For more information and registration, click <strong><a href=\"https:\/\/www.antibioest.org\/jrbua-2025\/\" target=\"_blank\" rel=\"noreferrer noopener\">here<\/a><\/strong>.<\/p>\n<\/div>\n<\/div>\n","protected":false},"excerpt":{"rendered":"<p>The\u00a0Centre R\u00e9gional en Antibioth\u00e9rapie du Grand Est\u00a0is organising the 6th edition of \u00a0the Regional Day for the Proper Use of Antibiotics. This event will take place on Thursday 20 November 2025 in the Chepfer Room at \u2019H\u00f4tel de Ville of Nancy. Registration is free but mandatory. For more information and registration, click here.<\/p>\n","protected":false},"author":275,"featured_media":0,"comment_status":"closed","ping_status":"open","sticky":false,"template":"","format":"standard","meta":{"footnotes":"","_links_to":"","_links_to_target":""},"categories":[63,58,56],"tags":[],"acf":[],"yoast_head":"<!-- This site is optimized with the Yoast SEO plugin v22.8 - https:\/\/yoast.com\/wordpress\/plugins\/seo\/ -->\n<title>6th edition of Regional Antibiotic Awareness Day (JRBUA) - French\u00a0National ANTIBIOTIC RESISTANCE Portal<\/title>\n<meta name=\"description\" content=\"Informations, \u00e9v\u00e8nements et actualit\u00e9s autour de l&#039;Antibior\u00e9sistance en France et \u00e0 l&#039;international.\" \/>\n<meta name=\"robots\" content=\"index, follow, max-snippet:-1, max-image-preview:large, max-video-preview:-1\" \/>\n<link rel=\"canonical\" href=\"https:\/\/ppr-antibioresistance.inserm.fr\/en\/info-communication\/6th-edition-of-regional-antibiotic-awareness-day-jrbua\/\" \/>\n<meta property=\"og:locale\" content=\"en_GB\" \/>\n<meta property=\"og:type\" content=\"article\" \/>\n<meta property=\"og:title\" content=\"6th edition of Regional Antibiotic Awareness Day (JRBUA) - French\u00a0National ANTIBIOTIC RESISTANCE Portal\" \/>\n<meta property=\"og:description\" content=\"Informations, \u00e9v\u00e8nements et actualit\u00e9s autour de l&#039;Antibior\u00e9sistance en France et \u00e0 l&#039;international.\" \/>\n<meta property=\"og:url\" content=\"https:\/\/ppr-antibioresistance.inserm.fr\/en\/info-communication\/6th-edition-of-regional-antibiotic-awareness-day-jrbua\/\" \/>\n<meta property=\"og:site_name\" content=\"French\u00a0National ANTIBIOTIC RESISTANCE Portal\" \/>\n<meta property=\"article:published_time\" content=\"2025-06-16T14:18:00+00:00\" \/>\n<meta property=\"article:modified_time\" content=\"2025-08-07T15:07:51+00:00\" \/>\n<meta property=\"og:image\" content=\"https:\/\/ppr-antibioresistance.inserm.fr\/wp-content\/uploads\/2025\/06\/6eme-edition-de-la-Journee-Regionale-du-Bon-Usage-des-Antibiotiques-JRBUA-1024x580.jpg\" \/>\n<meta name=\"author\" content=\"supportmlcom\" \/>\n<meta name=\"twitter:card\" content=\"summary_large_image\" \/>\n<meta name=\"twitter:label1\" content=\"Written by\" \/>\n\t<meta name=\"twitter:data1\" content=\"supportmlcom\" \/>\n<script type=\"application\/ld+json\" class=\"yoast-schema-graph\">{\"@context\":\"https:\/\/schema.org\",\"@graph\":[{\"@type\":\"NewsArticle\",\"@id\":\"https:\/\/ppr-antibioresistance.inserm.fr\/en\/info-communication\/6th-edition-of-regional-antibiotic-awareness-day-jrbua\/#article\",\"isPartOf\":{\"@id\":\"https:\/\/ppr-antibioresistance.inserm.fr\/en\/info-communication\/6th-edition-of-regional-antibiotic-awareness-day-jrbua\/\"},\"author\":{\"name\":\"supportmlcom\",\"@id\":\"https:\/\/ppr-antibioresistance.inserm.fr\/en\/#\/schema\/person\/126addd59310b0af2dd75ae8223445a5\"},\"headline\":\"6th edition of Regional Antibiotic Awareness Day (JRBUA)\",\"datePublished\":\"2025-06-16T14:18:00+00:00\",\"dateModified\":\"2025-08-07T15:07:51+00:00\",\"mainEntityOfPage\":{\"@id\":\"https:\/\/ppr-antibioresistance.inserm.fr\/en\/info-communication\/6th-edition-of-regional-antibiotic-awareness-day-jrbua\/\"},\"wordCount\":64,\"publisher\":{\"@id\":\"https:\/\/ppr-antibioresistance.inserm.fr\/en\/#organization\"},\"image\":{\"@id\":\"https:\/\/ppr-antibioresistance.inserm.fr\/en\/info-communication\/6th-edition-of-regional-antibiotic-awareness-day-jrbua\/#primaryimage\"},\"thumbnailUrl\":\"https:\/\/ppr-antibioresistance.inserm.fr\/wp-content\/uploads\/2025\/06\/6eme-edition-de-la-Journee-Regionale-du-Bon-Usage-des-Antibiotiques-JRBUA-1024x580.jpg\",\"articleSection\":[\"Events &amp; Conferences\",\"News\",\"Practical info &amp; communications\"],\"inLanguage\":\"en-GB\"},{\"@type\":[\"WebPage\",\"ItemPage\"],\"@id\":\"https:\/\/ppr-antibioresistance.inserm.fr\/en\/info-communication\/6th-edition-of-regional-antibiotic-awareness-day-jrbua\/\",\"url\":\"https:\/\/ppr-antibioresistance.inserm.fr\/en\/info-communication\/6th-edition-of-regional-antibiotic-awareness-day-jrbua\/\",\"name\":\"6th edition of Regional Antibiotic Awareness Day (JRBUA) - French\u00a0National ANTIBIOTIC RESISTANCE Portal\",\"isPartOf\":{\"@id\":\"https:\/\/ppr-antibioresistance.inserm.fr\/en\/#website\"},\"primaryImageOfPage\":{\"@id\":\"https:\/\/ppr-antibioresistance.inserm.fr\/en\/info-communication\/6th-edition-of-regional-antibiotic-awareness-day-jrbua\/#primaryimage\"},\"image\":{\"@id\":\"https:\/\/ppr-antibioresistance.inserm.fr\/en\/info-communication\/6th-edition-of-regional-antibiotic-awareness-day-jrbua\/#primaryimage\"},\"thumbnailUrl\":\"https:\/\/ppr-antibioresistance.inserm.fr\/wp-content\/uploads\/2025\/06\/6eme-edition-de-la-Journee-Regionale-du-Bon-Usage-des-Antibiotiques-JRBUA-1024x580.jpg\",\"datePublished\":\"2025-06-16T14:18:00+00:00\",\"dateModified\":\"2025-08-07T15:07:51+00:00\",\"description\":\"Informations, \u00e9v\u00e8nements et actualit\u00e9s autour de l'Antibior\u00e9sistance en France et \u00e0 l'international.\",\"breadcrumb\":{\"@id\":\"https:\/\/ppr-antibioresistance.inserm.fr\/en\/info-communication\/6th-edition-of-regional-antibiotic-awareness-day-jrbua\/#breadcrumb\"},\"inLanguage\":\"en-GB\",\"potentialAction\":[{\"@type\":\"ReadAction\",\"target\":[\"https:\/\/ppr-antibioresistance.inserm.fr\/en\/info-communication\/6th-edition-of-regional-antibiotic-awareness-day-jrbua\/\"]}]},{\"@type\":\"ImageObject\",\"inLanguage\":\"en-GB\",\"@id\":\"https:\/\/ppr-antibioresistance.inserm.fr\/en\/info-communication\/6th-edition-of-regional-antibiotic-awareness-day-jrbua\/#primaryimage\",\"url\":\"https:\/\/ppr-antibioresistance.inserm.fr\/wp-content\/uploads\/2025\/06\/6eme-edition-de-la-Journee-Regionale-du-Bon-Usage-des-Antibiotiques-JRBUA-1024x580.jpg\",\"contentUrl\":\"https:\/\/ppr-antibioresistance.inserm.fr\/wp-content\/uploads\/2025\/06\/6eme-edition-de-la-Journee-Regionale-du-Bon-Usage-des-Antibiotiques-JRBUA-1024x580.jpg\"},{\"@type\":\"BreadcrumbList\",\"@id\":\"https:\/\/ppr-antibioresistance.inserm.fr\/en\/info-communication\/6th-edition-of-regional-antibiotic-awareness-day-jrbua\/#breadcrumb\",\"itemListElement\":[{\"@type\":\"ListItem\",\"position\":1,\"name\":\"Home\",\"item\":\"https:\/\/ppr-antibioresistance.inserm.fr\/en\/\"},{\"@type\":\"ListItem\",\"position\":2,\"name\":\"Practical info &amp; communications\",\"item\":\"https:\/\/ppr-antibioresistance.inserm.fr\/en\/info-communication\/\"},{\"@type\":\"ListItem\",\"position\":3,\"name\":\"Events &amp; Conferences\",\"item\":\"https:\/\/ppr-antibioresistance.inserm.fr\/en\/info-communication\/events-conferences\/\"},{\"@type\":\"ListItem\",\"position\":4,\"name\":\"6th edition of Regional Antibiotic Awareness Day (JRBUA)\"}]},{\"@type\":\"WebSite\",\"@id\":\"https:\/\/ppr-antibioresistance.inserm.fr\/en\/#website\",\"url\":\"https:\/\/ppr-antibioresistance.inserm.fr\/en\/\",\"name\":\"French\u00a0National ANTIBIOTIC RESISTANCE Portal\",\"description\":\"INSERM - From science to health\",\"publisher\":{\"@id\":\"https:\/\/ppr-antibioresistance.inserm.fr\/en\/#organization\"},\"potentialAction\":[{\"@type\":\"SearchAction\",\"target\":{\"@type\":\"EntryPoint\",\"urlTemplate\":\"https:\/\/ppr-antibioresistance.inserm.fr\/en\/?s={search_term_string}\"},\"query-input\":\"required name=search_term_string\"}],\"inLanguage\":\"en-GB\"},{\"@type\":\"Organization\",\"@id\":\"https:\/\/ppr-antibioresistance.inserm.fr\/en\/#organization\",\"name\":\"Inserm\",\"url\":\"https:\/\/ppr-antibioresistance.inserm.fr\/en\/\",\"logo\":{\"@type\":\"ImageObject\",\"inLanguage\":\"en-GB\",\"@id\":\"https:\/\/ppr-antibioresistance.inserm.fr\/en\/#\/schema\/logo\/image\/\",\"url\":\"https:\/\/ppr-antibioresistance.inserm.fr\/wp-content\/uploads\/2020\/05\/logo-inserm-ppra.svg\",\"contentUrl\":\"https:\/\/ppr-antibioresistance.inserm.fr\/wp-content\/uploads\/2020\/05\/logo-inserm-ppra.svg\",\"width\":1,\"height\":1,\"caption\":\"Inserm\"},\"image\":{\"@id\":\"https:\/\/ppr-antibioresistance.inserm.fr\/en\/#\/schema\/logo\/image\/\"}},{\"@type\":\"Person\",\"@id\":\"https:\/\/ppr-antibioresistance.inserm.fr\/en\/#\/schema\/person\/126addd59310b0af2dd75ae8223445a5\",\"name\":\"supportmlcom\"}]}<\/script>\n<!-- \/ Yoast SEO plugin. -->","yoast_head_json":{"title":"6th edition of Regional Antibiotic Awareness Day (JRBUA) - French\u00a0National ANTIBIOTIC RESISTANCE Portal","description":"Informations, \u00e9v\u00e8nements et actualit\u00e9s autour de l'Antibior\u00e9sistance en France et \u00e0 l'international.","robots":{"index":"index","follow":"follow","max-snippet":"max-snippet:-1","max-image-preview":"max-image-preview:large","max-video-preview":"max-video-preview:-1"},"canonical":"https:\/\/ppr-antibioresistance.inserm.fr\/en\/info-communication\/6th-edition-of-regional-antibiotic-awareness-day-jrbua\/","og_locale":"en_GB","og_type":"article","og_title":"6th edition of Regional Antibiotic Awareness Day (JRBUA) - French\u00a0National ANTIBIOTIC RESISTANCE Portal","og_description":"Informations, \u00e9v\u00e8nements et actualit\u00e9s autour de l'Antibior\u00e9sistance en France et \u00e0 l'international.","og_url":"https:\/\/ppr-antibioresistance.inserm.fr\/en\/info-communication\/6th-edition-of-regional-antibiotic-awareness-day-jrbua\/","og_site_name":"French\u00a0National ANTIBIOTIC RESISTANCE Portal","article_published_time":"2025-06-16T14:18:00+00:00","article_modified_time":"2025-08-07T15:07:51+00:00","og_image":[{"url":"https:\/\/ppr-antibioresistance.inserm.fr\/wp-content\/uploads\/2025\/06\/6eme-edition-de-la-Journee-Regionale-du-Bon-Usage-des-Antibiotiques-JRBUA-1024x580.jpg"}],"author":"supportmlcom","twitter_card":"summary_large_image","twitter_misc":{"Written by":"supportmlcom"},"schema":{"@context":"https:\/\/schema.org","@graph":[{"@type":"NewsArticle","@id":"https:\/\/ppr-antibioresistance.inserm.fr\/en\/info-communication\/6th-edition-of-regional-antibiotic-awareness-day-jrbua\/#article","isPartOf":{"@id":"https:\/\/ppr-antibioresistance.inserm.fr\/en\/info-communication\/6th-edition-of-regional-antibiotic-awareness-day-jrbua\/"},"author":{"name":"supportmlcom","@id":"https:\/\/ppr-antibioresistance.inserm.fr\/en\/#\/schema\/person\/126addd59310b0af2dd75ae8223445a5"},"headline":"6th edition of Regional Antibiotic Awareness Day (JRBUA)","datePublished":"2025-06-16T14:18:00+00:00","dateModified":"2025-08-07T15:07:51+00:00","mainEntityOfPage":{"@id":"https:\/\/ppr-antibioresistance.inserm.fr\/en\/info-communication\/6th-edition-of-regional-antibiotic-awareness-day-jrbua\/"},"wordCount":64,"publisher":{"@id":"https:\/\/ppr-antibioresistance.inserm.fr\/en\/#organization"},"image":{"@id":"https:\/\/ppr-antibioresistance.inserm.fr\/en\/info-communication\/6th-edition-of-regional-antibiotic-awareness-day-jrbua\/#primaryimage"},"thumbnailUrl":"https:\/\/ppr-antibioresistance.inserm.fr\/wp-content\/uploads\/2025\/06\/6eme-edition-de-la-Journee-Regionale-du-Bon-Usage-des-Antibiotiques-JRBUA-1024x580.jpg","articleSection":["Events &amp; Conferences","News","Practical info &amp; communications"],"inLanguage":"en-GB"},{"@type":["WebPage","ItemPage"],"@id":"https:\/\/ppr-antibioresistance.inserm.fr\/en\/info-communication\/6th-edition-of-regional-antibiotic-awareness-day-jrbua\/","url":"https:\/\/ppr-antibioresistance.inserm.fr\/en\/info-communication\/6th-edition-of-regional-antibiotic-awareness-day-jrbua\/","name":"6th edition of Regional Antibiotic Awareness Day (JRBUA) - French\u00a0National ANTIBIOTIC RESISTANCE Portal","isPartOf":{"@id":"https:\/\/ppr-antibioresistance.inserm.fr\/en\/#website"},"primaryImageOfPage":{"@id":"https:\/\/ppr-antibioresistance.inserm.fr\/en\/info-communication\/6th-edition-of-regional-antibiotic-awareness-day-jrbua\/#primaryimage"},"image":{"@id":"https:\/\/ppr-antibioresistance.inserm.fr\/en\/info-communication\/6th-edition-of-regional-antibiotic-awareness-day-jrbua\/#primaryimage"},"thumbnailUrl":"https:\/\/ppr-antibioresistance.inserm.fr\/wp-content\/uploads\/2025\/06\/6eme-edition-de-la-Journee-Regionale-du-Bon-Usage-des-Antibiotiques-JRBUA-1024x580.jpg","datePublished":"2025-06-16T14:18:00+00:00","dateModified":"2025-08-07T15:07:51+00:00","description":"Informations, \u00e9v\u00e8nements et actualit\u00e9s autour de l'Antibior\u00e9sistance en France et \u00e0 l'international.","breadcrumb":{"@id":"https:\/\/ppr-antibioresistance.inserm.fr\/en\/info-communication\/6th-edition-of-regional-antibiotic-awareness-day-jrbua\/#breadcrumb"},"inLanguage":"en-GB","potentialAction":[{"@type":"ReadAction","target":["https:\/\/ppr-antibioresistance.inserm.fr\/en\/info-communication\/6th-edition-of-regional-antibiotic-awareness-day-jrbua\/"]}]},{"@type":"ImageObject","inLanguage":"en-GB","@id":"https:\/\/ppr-antibioresistance.inserm.fr\/en\/info-communication\/6th-edition-of-regional-antibiotic-awareness-day-jrbua\/#primaryimage","url":"https:\/\/ppr-antibioresistance.inserm.fr\/wp-content\/uploads\/2025\/06\/6eme-edition-de-la-Journee-Regionale-du-Bon-Usage-des-Antibiotiques-JRBUA-1024x580.jpg","contentUrl":"https:\/\/ppr-antibioresistance.inserm.fr\/wp-content\/uploads\/2025\/06\/6eme-edition-de-la-Journee-Regionale-du-Bon-Usage-des-Antibiotiques-JRBUA-1024x580.jpg"},{"@type":"BreadcrumbList","@id":"https:\/\/ppr-antibioresistance.inserm.fr\/en\/info-communication\/6th-edition-of-regional-antibiotic-awareness-day-jrbua\/#breadcrumb","itemListElement":[{"@type":"ListItem","position":1,"name":"Home","item":"https:\/\/ppr-antibioresistance.inserm.fr\/en\/"},{"@type":"ListItem","position":2,"name":"Practical info &amp; communications","item":"https:\/\/ppr-antibioresistance.inserm.fr\/en\/info-communication\/"},{"@type":"ListItem","position":3,"name":"Events &amp; Conferences","item":"https:\/\/ppr-antibioresistance.inserm.fr\/en\/info-communication\/events-conferences\/"},{"@type":"ListItem","position":4,"name":"6th edition of Regional Antibiotic Awareness Day (JRBUA)"}]},{"@type":"WebSite","@id":"https:\/\/ppr-antibioresistance.inserm.fr\/en\/#website","url":"https:\/\/ppr-antibioresistance.inserm.fr\/en\/","name":"French\u00a0National ANTIBIOTIC RESISTANCE Portal","description":"INSERM - From science to health","publisher":{"@id":"https:\/\/ppr-antibioresistance.inserm.fr\/en\/#organization"},"potentialAction":[{"@type":"SearchAction","target":{"@type":"EntryPoint","urlTemplate":"https:\/\/ppr-antibioresistance.inserm.fr\/en\/?s={search_term_string}"},"query-input":"required name=search_term_string"}],"inLanguage":"en-GB"},{"@type":"Organization","@id":"https:\/\/ppr-antibioresistance.inserm.fr\/en\/#organization","name":"Inserm","url":"https:\/\/ppr-antibioresistance.inserm.fr\/en\/","logo":{"@type":"ImageObject","inLanguage":"en-GB","@id":"https:\/\/ppr-antibioresistance.inserm.fr\/en\/#\/schema\/logo\/image\/","url":"https:\/\/ppr-antibioresistance.inserm.fr\/wp-content\/uploads\/2020\/05\/logo-inserm-ppra.svg","contentUrl":"https:\/\/ppr-antibioresistance.inserm.fr\/wp-content\/uploads\/2020\/05\/logo-inserm-ppra.svg","width":1,"height":1,"caption":"Inserm"},"image":{"@id":"https:\/\/ppr-antibioresistance.inserm.fr\/en\/#\/schema\/logo\/image\/"}},{"@type":"Person","@id":"https:\/\/ppr-antibioresistance.inserm.fr\/en\/#\/schema\/person\/126addd59310b0af2dd75ae8223445a5","name":"supportmlcom"}]}},"publishpress_future_action":{"enabled":false,"date":"2026-05-03 23:51:41","action":"change-status","newStatus":"private","terms":[],"taxonomy":"category"},"post_mailing_queue_ids":[],"_links":{"self":[{"href":"https:\/\/ppr-antibioresistance.inserm.fr\/en\/wp-json\/wp\/v2\/posts\/30512"}],"collection":[{"href":"https:\/\/ppr-antibioresistance.inserm.fr\/en\/wp-json\/wp\/v2\/posts"}],"about":[{"href":"https:\/\/ppr-antibioresistance.inserm.fr\/en\/wp-json\/wp\/v2\/types\/post"}],"author":[{"embeddable":true,"href":"https:\/\/ppr-antibioresistance.inserm.fr\/en\/wp-json\/wp\/v2\/users\/275"}],"replies":[{"embeddable":true,"href":"https:\/\/ppr-antibioresistance.inserm.fr\/en\/wp-json\/wp\/v2\/comments?post=30512"}],"version-history":[{"count":3,"href":"https:\/\/ppr-antibioresistance.inserm.fr\/en\/wp-json\/wp\/v2\/posts\/30512\/revisions"}],"predecessor-version":[{"id":30515,"href":"https:\/\/ppr-antibioresistance.inserm.fr\/en\/wp-json\/wp\/v2\/posts\/30512\/revisions\/30515"}],"wp:attachment":[{"href":"https:\/\/ppr-antibioresistance.inserm.fr\/en\/wp-json\/wp\/v2\/media?parent=30512"}],"wp:term":[{"taxonomy":"category","embeddable":true,"href":"https:\/\/ppr-antibioresistance.inserm.fr\/en\/wp-json\/wp\/v2\/categories?post=30512"},{"taxonomy":"post_tag","embeddable":true,"href":"https:\/\/ppr-antibioresistance.inserm.fr\/en\/wp-json\/wp\/v2\/tags?post=30512"}],"curies":[{"name":"wp","href":"https:\/\/api.w.org\/{rel}","templated":true}]}}