{"id":27293,"date":"2022-12-19T15:35:19","date_gmt":"2022-12-19T14:35:19","guid":{"rendered":"https:\/\/ppr-antibioresistance.inserm.fr\/?p=27293"},"modified":"2022-12-20T10:50:51","modified_gmt":"2022-12-20T09:50:51","slug":"retrouvez-les-presentations-du-symposium-interdisciplinaire-sur-le-sepsis-du-8-septembre-2022","status":"publish","type":"post","link":"https:\/\/ppr-antibioresistance.inserm.fr\/en\/informations-et-communications\/actualites\/retrouvez-les-presentations-du-symposium-interdisciplinaire-sur-le-sepsis-du-8-septembre-2022\/","title":{"rendered":"Retrouvez les pr\u00e9sentations du Symposium interdisciplinaire sur le sepsis du 8 septembre 2022"},"content":{"rendered":"\n<p class=\"has-text-align-center\">Suite au Symposium interdisciplinaire sur le sepsis qui a eu lieu le jeudi 8 septembre dernier au Minist\u00e8re de la Sant\u00e9, retrouvez ci-dessous les pr\u00e9sentations des intervenants dans <a href=\"https:\/\/ppr-antibioresistance.inserm.fr\/wp-content\/uploads\/2022\/07\/Programme-Symposium-Sepsis-Francais.pdf\">l&#8217;ordre de la journ\u00e9e<\/a>.<\/p>\n\n\n\n<div style=\"height:35px\" aria-hidden=\"true\" class=\"wp-block-spacer\"><\/div>\n\n\n\n<p><strong>Le Sepsis, un probl\u00e8me de sant\u00e9 publique. <\/strong><\/p>\n\n\n\n<p><strong>Djillali ANNANE &#8211; Universit\u00e9 Versailles Saint-Quentin, Paris<\/strong><\/p>\n\n\n\n<div data-wp-interactive=\"core\/file\" class=\"wp-block-file\"><object data-wp-bind--hidden=\"!state.hasPdfPreview\"  class=\"wp-block-file__embed\" data=\"https:\/\/ppr-antibioresistance.inserm.fr\/wp-content\/uploads\/2022\/12\/Annane.pdf\" type=\"application\/pdf\" style=\"width:100%;height:600px\" aria-label=\"Embed of Embed of Djilali Annane..\"><\/object><a id=\"wp-block-file--media-7c1ac4c0-ac69-471c-a6ea-560194b573ba\" href=\"https:\/\/ppr-antibioresistance.inserm.fr\/wp-content\/uploads\/2022\/12\/Annane.pdf\">Djilali Annane<\/a><a href=\"https:\/\/ppr-antibioresistance.inserm.fr\/wp-content\/uploads\/2022\/12\/Annane.pdf\" class=\"wp-block-file__button\" download aria-describedby=\"wp-block-file--media-7c1ac4c0-ac69-471c-a6ea-560194b573ba\">T\u00e9l\u00e9charger<\/a><\/div>\n\n\n\n<div style=\"height:52px\" aria-hidden=\"true\" class=\"wp-block-spacer\"><\/div>\n\n\n\n<p><strong>De la m\u00e9canistique mol\u00e9culaire au lit du patient. <br><strong>Laurent BOYER &#8211; C3M, Inserm<\/strong><\/strong> <strong>U1065, Universit\u00e9 C\u00f4te d\u2019Azur, Nice<\/strong><\/p>\n\n\n\n<div data-wp-interactive=\"core\/file\" class=\"wp-block-file\"><object data-wp-bind--hidden=\"!state.hasPdfPreview\"  class=\"wp-block-file__embed\" data=\"https:\/\/ppr-antibioresistance.inserm.fr\/wp-content\/uploads\/2022\/12\/Boyer.pdf\" type=\"application\/pdf\" style=\"width:100%;height:600px\" aria-label=\"Embed of Embed of Laurent Boyer..\"><\/object><a id=\"wp-block-file--media-8addbd70-af55-4e8a-8458-bae6692de5c5\" href=\"https:\/\/ppr-antibioresistance.inserm.fr\/wp-content\/uploads\/2022\/12\/Boyer.pdf\">Laurent Boyer<\/a><a href=\"https:\/\/ppr-antibioresistance.inserm.fr\/wp-content\/uploads\/2022\/12\/Boyer.pdf\" class=\"wp-block-file__button\" download aria-describedby=\"wp-block-file--media-8addbd70-af55-4e8a-8458-bae6692de5c5\">T\u00e9l\u00e9charger<\/a><\/div>\n\n\n\n<div style=\"height:37px\" aria-hidden=\"true\" class=\"wp-block-spacer\"><\/div>\n\n\n\n<p><strong>One Health : apport de l\u2019animal \u00e0 la lutte contre le sepsis. <br><strong>Vanessa LOUZIER<\/strong><\/strong>&#8211; <strong>VetAgro Sup, Ecole nationale v\u00e9t\u00e9rinaire, Lyon<\/strong><\/p>\n\n\n\n<div data-wp-interactive=\"core\/file\" class=\"wp-block-file\"><object data-wp-bind--hidden=\"!state.hasPdfPreview\"  class=\"wp-block-file__embed\" data=\"https:\/\/ppr-antibioresistance.inserm.fr\/wp-content\/uploads\/2022\/12\/Louzier.pdf\" type=\"application\/pdf\" style=\"width:100%;height:600px\" aria-label=\"Embed of Embed of Vanessa Louzier..\"><\/object><a id=\"wp-block-file--media-df447939-2613-4e2b-8ef7-3d08093044e4\" href=\"https:\/\/ppr-antibioresistance.inserm.fr\/wp-content\/uploads\/2022\/12\/Louzier.pdf\">Vanessa Louzier<\/a><a href=\"https:\/\/ppr-antibioresistance.inserm.fr\/wp-content\/uploads\/2022\/12\/Louzier.pdf\" class=\"wp-block-file__button\" download aria-describedby=\"wp-block-file--media-df447939-2613-4e2b-8ef7-3d08093044e4\">T\u00e9l\u00e9charger<\/a><\/div>\n\n\n\n<div style=\"height:54px\" aria-hidden=\"true\" class=\"wp-block-spacer\"><\/div>\n\n\n\n<p><strong>R\u00e9ponse inflammatoire syst\u00e9mique : les le\u00e7ons d\u2019un organisme mod\u00e8le. <br><strong>Jean-<\/strong>Luc IMLER &#8211; Institut de Biologie Mol\u00e9culaire et Cellulaire, Strasbourg<\/strong><\/p>\n\n\n\n<div data-wp-interactive=\"core\/file\" class=\"wp-block-file\"><object data-wp-bind--hidden=\"!state.hasPdfPreview\"  class=\"wp-block-file__embed\" data=\"https:\/\/ppr-antibioresistance.inserm.fr\/wp-content\/uploads\/2022\/12\/Imler.pdf\" type=\"application\/pdf\" style=\"width:100%;height:600px\" aria-label=\"Embed of Embed of Jean-Luc Imler..\"><\/object><a id=\"wp-block-file--media-4fbe2222-9c56-4b46-b330-aa4fccabe6b6\" href=\"https:\/\/ppr-antibioresistance.inserm.fr\/wp-content\/uploads\/2022\/12\/Imler.pdf\">Jean-Luc Imler<\/a><a href=\"https:\/\/ppr-antibioresistance.inserm.fr\/wp-content\/uploads\/2022\/12\/Imler.pdf\" class=\"wp-block-file__button\" download aria-describedby=\"wp-block-file--media-4fbe2222-9c56-4b46-b330-aa4fccabe6b6\">T\u00e9l\u00e9charger<\/a><\/div>\n\n\n\n<div style=\"height:45px\" aria-hidden=\"true\" class=\"wp-block-spacer\"><\/div>\n\n\n\n<p><strong>Diagnostic pr\u00e9coce du sepsis : du cabinet du m\u00e9decin g\u00e9n\u00e9raliste \u00e0 l\u2019admission \u00e0 l\u2019h\u00f4pital.             <\/strong><\/p>\n\n\n\n<p><strong>Pierre HAUSFATER &#8211; Sorbonne Universit\u00e9, Paris<\/strong><\/p>\n\n\n\n<div data-wp-interactive=\"core\/file\" class=\"wp-block-file\"><object data-wp-bind--hidden=\"!state.hasPdfPreview\"  class=\"wp-block-file__embed\" data=\"https:\/\/ppr-antibioresistance.inserm.fr\/wp-content\/uploads\/2022\/12\/Hausfater.pdf\" type=\"application\/pdf\" style=\"width:100%;height:600px\" aria-label=\"Embed of Embed of Pierre Hausfater..\"><\/object><a id=\"wp-block-file--media-61f1ecac-d43e-4469-9b9d-24595fb7422b\" href=\"https:\/\/ppr-antibioresistance.inserm.fr\/wp-content\/uploads\/2022\/12\/Hausfater.pdf\">Pierre Hausfater<\/a><a href=\"https:\/\/ppr-antibioresistance.inserm.fr\/wp-content\/uploads\/2022\/12\/Hausfater.pdf\" class=\"wp-block-file__button\" download aria-describedby=\"wp-block-file--media-61f1ecac-d43e-4469-9b9d-24595fb7422b\">T\u00e9l\u00e9charger<\/a><\/div>\n\n\n\n<div style=\"height:48px\" aria-hidden=\"true\" class=\"wp-block-spacer\"><\/div>\n\n\n\n<p><strong>Immunoth\u00e9rapie personnalis\u00e9e guid\u00e9e par les biomarqueurs. <br><strong>Guillaume<\/strong><\/strong> <strong>MONNERET &#8211; Universit\u00e9 Claude Bernard Lyon 1, Lyon<\/strong><\/p>\n\n\n\n<div data-wp-interactive=\"core\/file\" class=\"wp-block-file\"><object data-wp-bind--hidden=\"!state.hasPdfPreview\"  class=\"wp-block-file__embed\" data=\"https:\/\/ppr-antibioresistance.inserm.fr\/wp-content\/uploads\/2022\/12\/Monneret.pdf\" type=\"application\/pdf\" style=\"width:100%;height:600px\" aria-label=\"Embed of Embed of Guillaume Monneret..\"><\/object><a id=\"wp-block-file--media-cbe7b75f-34d5-4299-b099-adf8ed3894bb\" href=\"https:\/\/ppr-antibioresistance.inserm.fr\/wp-content\/uploads\/2022\/12\/Monneret.pdf\">Guillaume Monneret<\/a><a href=\"https:\/\/ppr-antibioresistance.inserm.fr\/wp-content\/uploads\/2022\/12\/Monneret.pdf\" class=\"wp-block-file__button\" download aria-describedby=\"wp-block-file--media-cbe7b75f-34d5-4299-b099-adf8ed3894bb\">T\u00e9l\u00e9charger<\/a><\/div>\n\n\n\n<div style=\"height:44px\" aria-hidden=\"true\" class=\"wp-block-spacer\"><\/div>\n\n\n\n<p><strong>Enriched endotypes for sepsis. <\/strong><\/p>\n\n\n\n<p><strong>Julian KNIGHT &#8211; Wellcome Trust Center for Human Genetics, University Oxford<\/strong><\/p>\n\n\n\n<div data-wp-interactive=\"core\/file\" class=\"wp-block-file\"><object data-wp-bind--hidden=\"!state.hasPdfPreview\"  class=\"wp-block-file__embed\" data=\"https:\/\/ppr-antibioresistance.inserm.fr\/wp-content\/uploads\/2022\/12\/Knight.pdf\" type=\"application\/pdf\" style=\"width:100%;height:600px\" aria-label=\"Embed of Embed of Julian Knight..\"><\/object><a id=\"wp-block-file--media-1ee326dc-a05d-45ab-a69c-1a63cff6c400\" href=\"https:\/\/ppr-antibioresistance.inserm.fr\/wp-content\/uploads\/2022\/12\/Knight.pdf\">Julian Knight<\/a><a href=\"https:\/\/ppr-antibioresistance.inserm.fr\/wp-content\/uploads\/2022\/12\/Knight.pdf\" class=\"wp-block-file__button\" download aria-describedby=\"wp-block-file--media-1ee326dc-a05d-45ab-a69c-1a63cff6c400\">T\u00e9l\u00e9charger<\/a><\/div>\n\n\n\n<div style=\"height:58px\" aria-hidden=\"true\" class=\"wp-block-spacer\"><\/div>\n\n\n\n<p><strong>Challenges in sepsis. <\/strong><\/p>\n\n\n\n<p><strong>Mervyn SINGER &#8211; University College London<\/strong><\/p>\n\n\n\n<div data-wp-interactive=\"core\/file\" class=\"wp-block-file\"><object data-wp-bind--hidden=\"!state.hasPdfPreview\"  class=\"wp-block-file__embed\" data=\"https:\/\/ppr-antibioresistance.inserm.fr\/wp-content\/uploads\/2022\/12\/Singer.pdf\" type=\"application\/pdf\" style=\"width:100%;height:600px\" aria-label=\"Embed of Embed of Mervyn Singer..\"><\/object><a id=\"wp-block-file--media-57c7b097-68e9-433e-9db4-ec39114b9b87\" href=\"https:\/\/ppr-antibioresistance.inserm.fr\/wp-content\/uploads\/2022\/12\/Singer.pdf\">Mervyn Singer<\/a><a href=\"https:\/\/ppr-antibioresistance.inserm.fr\/wp-content\/uploads\/2022\/12\/Singer.pdf\" class=\"wp-block-file__button\" download aria-describedby=\"wp-block-file--media-57c7b097-68e9-433e-9db4-ec39114b9b87\">T\u00e9l\u00e9charger<\/a><\/div>\n\n\n\n<div style=\"height:59px\" aria-hidden=\"true\" class=\"wp-block-spacer\"><\/div>\n\n\n\n<p><strong>Avanc\u00e9es m\u00e9thodologiques en recherche clinique : place et avenir des essais adaptatifs.    <\/strong><\/p>\n\n\n\n<p><strong> Sylvie CHEVRET &#8211; Unit\u00e9 de Biostatistique et de Recherche Clinique, Universit\u00e9 Paris Cit\u00e9<\/strong><\/p>\n\n\n\n<div data-wp-interactive=\"core\/file\" class=\"wp-block-file\"><object data-wp-bind--hidden=\"!state.hasPdfPreview\"  class=\"wp-block-file__embed\" data=\"https:\/\/ppr-antibioresistance.inserm.fr\/wp-content\/uploads\/2022\/12\/Chevret.pdf\" type=\"application\/pdf\" style=\"width:100%;height:600px\" aria-label=\"Embed of Embed of Sylvie Chevret..\"><\/object><a id=\"wp-block-file--media-7d540ea3-984e-4868-b99b-d5ee8bc8daf7\" href=\"https:\/\/ppr-antibioresistance.inserm.fr\/wp-content\/uploads\/2022\/12\/Chevret.pdf\">Sylvie Chevret<\/a><a href=\"https:\/\/ppr-antibioresistance.inserm.fr\/wp-content\/uploads\/2022\/12\/Chevret.pdf\" class=\"wp-block-file__button\" download aria-describedby=\"wp-block-file--media-7d540ea3-984e-4868-b99b-d5ee8bc8daf7\">T\u00e9l\u00e9charger<\/a><\/div>\n\n\n\n<div style=\"height:55px\" aria-hidden=\"true\" class=\"wp-block-spacer\"><\/div>\n\n\n\n<p><strong>Recherche en oncologie : exemple de la m\u00e9decine de pr\u00e9cision.                                                      Christophe LE TOURNEAU &#8211; Department of Drug Development &amp; Innovation (D3i), Institut Curie \u2013 Paris &amp; Saint-Cloud \u2013 Paris-Saclay University<\/strong><\/p>\n\n\n\n<div data-wp-interactive=\"core\/file\" class=\"wp-block-file\"><object data-wp-bind--hidden=\"!state.hasPdfPreview\"  class=\"wp-block-file__embed\" data=\"https:\/\/ppr-antibioresistance.inserm.fr\/wp-content\/uploads\/2022\/12\/Le-Tourneau.pdf\" type=\"application\/pdf\" style=\"width:100%;height:600px\" aria-label=\"Embed of Embed of Christophe Le-Tourneau..\"><\/object><a id=\"wp-block-file--media-c461079f-87c1-40ff-9f73-3edd494b0398\" href=\"https:\/\/ppr-antibioresistance.inserm.fr\/wp-content\/uploads\/2022\/12\/Le-Tourneau.pdf\">Christophe Le-Tourneau<\/a><a href=\"https:\/\/ppr-antibioresistance.inserm.fr\/wp-content\/uploads\/2022\/12\/Le-Tourneau.pdf\" class=\"wp-block-file__button\" download aria-describedby=\"wp-block-file--media-c461079f-87c1-40ff-9f73-3edd494b0398\">T\u00e9l\u00e9charger<\/a><\/div>\n\n\n\n<div style=\"height:63px\" aria-hidden=\"true\" class=\"wp-block-spacer\"><\/div>\n\n\n\n<p><strong>Long-term outcome after sepsis. <\/strong><\/p>\n\n\n\n<p><strong>Joanne McPEAKE &#8211; University of Glasgow, Scotland<\/strong><\/p>\n\n\n\n<div data-wp-interactive=\"core\/file\" class=\"wp-block-file\"><object data-wp-bind--hidden=\"!state.hasPdfPreview\"  class=\"wp-block-file__embed\" data=\"https:\/\/ppr-antibioresistance.inserm.fr\/wp-content\/uploads\/2022\/12\/McPeake.pdf\" type=\"application\/pdf\" style=\"width:100%;height:600px\" aria-label=\"Embed of Embed of Joanne McPeake..\"><\/object><a id=\"wp-block-file--media-9e810757-53e5-459a-a500-08c1c95fd4be\" href=\"https:\/\/ppr-antibioresistance.inserm.fr\/wp-content\/uploads\/2022\/12\/McPeake.pdf\">Joanne McPeake<\/a><a href=\"https:\/\/ppr-antibioresistance.inserm.fr\/wp-content\/uploads\/2022\/12\/McPeake.pdf\" class=\"wp-block-file__button\" download aria-describedby=\"wp-block-file--media-9e810757-53e5-459a-a500-08c1c95fd4be\">T\u00e9l\u00e9charger<\/a><\/div>\n","protected":false},"excerpt":{"rendered":"<p>Suite au Symposium interdisciplinaire sur le sepsis qui a eu lieu le jeudi 8 septembre dernier au Minist\u00e8re de la Sant\u00e9, retrouvez ci-dessous les pr\u00e9sentations des intervenants dans l&#8217;ordre de la journ\u00e9e. Le Sepsis, un probl\u00e8me de sant\u00e9 publique. Djillali ANNANE &#8211; Universit\u00e9 Versailles Saint-Quentin, Paris De la m\u00e9canistique mol\u00e9culaire au lit du patient. Laurent [&hellip;]<\/p>\n","protected":false},"author":271,"featured_media":0,"comment_status":"closed","ping_status":"open","sticky":false,"template":"","format":"standard","meta":{"footnotes":"","_links_to":"","_links_to_target":""},"categories":[31],"tags":[],"acf":[],"yoast_head":"<!-- This site is optimized with the Yoast SEO plugin v22.8 - https:\/\/yoast.com\/wordpress\/plugins\/seo\/ -->\n<title>Retrouvez les pr\u00e9sentations du Symposium interdisciplinaire sur le sepsis du 8 septembre 2022 - French\u00a0National ANTIBIOTIC RESISTANCE Portal<\/title>\n<meta name=\"description\" content=\"Informations, \u00e9v\u00e8nements et actualit\u00e9s autour de l&#039;Antibior\u00e9sistance en France et \u00e0 l&#039;international.\" \/>\n<meta name=\"robots\" content=\"index, follow, max-snippet:-1, max-image-preview:large, max-video-preview:-1\" \/>\n<link rel=\"canonical\" href=\"https:\/\/ppr-antibioresistance.inserm.fr\/en\/informations-et-communications\/actualites\/retrouvez-les-presentations-du-symposium-interdisciplinaire-sur-le-sepsis-du-8-septembre-2022\/\" \/>\n<meta property=\"og:locale\" content=\"en_GB\" \/>\n<meta property=\"og:type\" content=\"article\" \/>\n<meta property=\"og:title\" content=\"Retrouvez les pr\u00e9sentations du Symposium interdisciplinaire sur le sepsis du 8 septembre 2022 - French\u00a0National ANTIBIOTIC RESISTANCE Portal\" \/>\n<meta property=\"og:description\" content=\"Informations, \u00e9v\u00e8nements et actualit\u00e9s autour de l&#039;Antibior\u00e9sistance en France et \u00e0 l&#039;international.\" \/>\n<meta property=\"og:url\" content=\"https:\/\/ppr-antibioresistance.inserm.fr\/en\/informations-et-communications\/actualites\/retrouvez-les-presentations-du-symposium-interdisciplinaire-sur-le-sepsis-du-8-septembre-2022\/\" \/>\n<meta property=\"og:site_name\" content=\"French\u00a0National ANTIBIOTIC RESISTANCE Portal\" \/>\n<meta property=\"article:published_time\" content=\"2022-12-19T14:35:19+00:00\" \/>\n<meta property=\"article:modified_time\" content=\"2022-12-20T09:50:51+00:00\" \/>\n<meta name=\"author\" content=\"Loane Serrano\" \/>\n<meta name=\"twitter:card\" content=\"summary_large_image\" \/>\n<meta name=\"twitter:label1\" content=\"Written by\" \/>\n\t<meta name=\"twitter:data1\" content=\"Loane Serrano\" \/>\n\t<meta name=\"twitter:label2\" content=\"Estimated reading time\" \/>\n\t<meta name=\"twitter:data2\" content=\"1 minute\" \/>\n<script type=\"application\/ld+json\" class=\"yoast-schema-graph\">{\"@context\":\"https:\/\/schema.org\",\"@graph\":[{\"@type\":\"NewsArticle\",\"@id\":\"https:\/\/ppr-antibioresistance.inserm.fr\/en\/informations-et-communications\/actualites\/retrouvez-les-presentations-du-symposium-interdisciplinaire-sur-le-sepsis-du-8-septembre-2022\/#article\",\"isPartOf\":{\"@id\":\"https:\/\/ppr-antibioresistance.inserm.fr\/en\/informations-et-communications\/actualites\/retrouvez-les-presentations-du-symposium-interdisciplinaire-sur-le-sepsis-du-8-septembre-2022\/\"},\"author\":{\"name\":\"Loane Serrano\",\"@id\":\"https:\/\/ppr-antibioresistance.inserm.fr\/en\/#\/schema\/person\/7993978f184ff491165415f02259de61\"},\"headline\":\"Retrouvez les pr\u00e9sentations du Symposium interdisciplinaire sur le sepsis du 8 septembre 2022\",\"datePublished\":\"2022-12-19T14:35:19+00:00\",\"dateModified\":\"2022-12-20T09:50:51+00:00\",\"mainEntityOfPage\":{\"@id\":\"https:\/\/ppr-antibioresistance.inserm.fr\/en\/informations-et-communications\/actualites\/retrouvez-les-presentations-du-symposium-interdisciplinaire-sur-le-sepsis-du-8-septembre-2022\/\"},\"wordCount\":317,\"publisher\":{\"@id\":\"https:\/\/ppr-antibioresistance.inserm.fr\/en\/#organization\"},\"articleSection\":[\"Actualit\u00e9s\"],\"inLanguage\":\"en-GB\"},{\"@type\":[\"WebPage\",\"ItemPage\"],\"@id\":\"https:\/\/ppr-antibioresistance.inserm.fr\/en\/informations-et-communications\/actualites\/retrouvez-les-presentations-du-symposium-interdisciplinaire-sur-le-sepsis-du-8-septembre-2022\/\",\"url\":\"https:\/\/ppr-antibioresistance.inserm.fr\/en\/informations-et-communications\/actualites\/retrouvez-les-presentations-du-symposium-interdisciplinaire-sur-le-sepsis-du-8-septembre-2022\/\",\"name\":\"Retrouvez les pr\u00e9sentations du Symposium interdisciplinaire sur le sepsis du 8 septembre 2022 - French\u00a0National ANTIBIOTIC RESISTANCE Portal\",\"isPartOf\":{\"@id\":\"https:\/\/ppr-antibioresistance.inserm.fr\/en\/#website\"},\"datePublished\":\"2022-12-19T14:35:19+00:00\",\"dateModified\":\"2022-12-20T09:50:51+00:00\",\"description\":\"Informations, \u00e9v\u00e8nements et actualit\u00e9s autour de l'Antibior\u00e9sistance en France et \u00e0 l'international.\",\"breadcrumb\":{\"@id\":\"https:\/\/ppr-antibioresistance.inserm.fr\/en\/informations-et-communications\/actualites\/retrouvez-les-presentations-du-symposium-interdisciplinaire-sur-le-sepsis-du-8-septembre-2022\/#breadcrumb\"},\"inLanguage\":\"en-GB\",\"potentialAction\":[{\"@type\":\"ReadAction\",\"target\":[\"https:\/\/ppr-antibioresistance.inserm.fr\/en\/informations-et-communications\/actualites\/retrouvez-les-presentations-du-symposium-interdisciplinaire-sur-le-sepsis-du-8-septembre-2022\/\"]}]},{\"@type\":\"BreadcrumbList\",\"@id\":\"https:\/\/ppr-antibioresistance.inserm.fr\/en\/informations-et-communications\/actualites\/retrouvez-les-presentations-du-symposium-interdisciplinaire-sur-le-sepsis-du-8-septembre-2022\/#breadcrumb\",\"itemListElement\":[{\"@type\":\"ListItem\",\"position\":1,\"name\":\"Home\",\"item\":\"https:\/\/ppr-antibioresistance.inserm.fr\/en\/\"},{\"@type\":\"ListItem\",\"position\":2,\"name\":\"Practical info &amp; communications\",\"item\":\"https:\/\/ppr-antibioresistance.inserm.fr\/en\/info-communication\/\"},{\"@type\":\"ListItem\",\"position\":3,\"name\":\"News\",\"item\":\"https:\/\/ppr-antibioresistance.inserm.fr\/en\/info-communication\/news\/\"},{\"@type\":\"ListItem\",\"position\":4,\"name\":\"Retrouvez les pr\u00e9sentations du Symposium interdisciplinaire sur le sepsis du 8 septembre 2022\"}]},{\"@type\":\"WebSite\",\"@id\":\"https:\/\/ppr-antibioresistance.inserm.fr\/en\/#website\",\"url\":\"https:\/\/ppr-antibioresistance.inserm.fr\/en\/\",\"name\":\"French\u00a0National ANTIBIOTIC RESISTANCE Portal\",\"description\":\"INSERM - From science to health\",\"publisher\":{\"@id\":\"https:\/\/ppr-antibioresistance.inserm.fr\/en\/#organization\"},\"potentialAction\":[{\"@type\":\"SearchAction\",\"target\":{\"@type\":\"EntryPoint\",\"urlTemplate\":\"https:\/\/ppr-antibioresistance.inserm.fr\/en\/?s={search_term_string}\"},\"query-input\":\"required name=search_term_string\"}],\"inLanguage\":\"en-GB\"},{\"@type\":\"Organization\",\"@id\":\"https:\/\/ppr-antibioresistance.inserm.fr\/en\/#organization\",\"name\":\"Inserm\",\"url\":\"https:\/\/ppr-antibioresistance.inserm.fr\/en\/\",\"logo\":{\"@type\":\"ImageObject\",\"inLanguage\":\"en-GB\",\"@id\":\"https:\/\/ppr-antibioresistance.inserm.fr\/en\/#\/schema\/logo\/image\/\",\"url\":\"https:\/\/ppr-antibioresistance.inserm.fr\/wp-content\/uploads\/2020\/05\/logo-inserm-ppra.svg\",\"contentUrl\":\"https:\/\/ppr-antibioresistance.inserm.fr\/wp-content\/uploads\/2020\/05\/logo-inserm-ppra.svg\",\"width\":1,\"height\":1,\"caption\":\"Inserm\"},\"image\":{\"@id\":\"https:\/\/ppr-antibioresistance.inserm.fr\/en\/#\/schema\/logo\/image\/\"}},{\"@type\":\"Person\",\"@id\":\"https:\/\/ppr-antibioresistance.inserm.fr\/en\/#\/schema\/person\/7993978f184ff491165415f02259de61\",\"name\":\"Loane Serrano\"}]}<\/script>\n<!-- \/ Yoast SEO plugin. -->","yoast_head_json":{"title":"Retrouvez les pr\u00e9sentations du Symposium interdisciplinaire sur le sepsis du 8 septembre 2022 - French\u00a0National ANTIBIOTIC RESISTANCE Portal","description":"Informations, \u00e9v\u00e8nements et actualit\u00e9s autour de l'Antibior\u00e9sistance en France et \u00e0 l'international.","robots":{"index":"index","follow":"follow","max-snippet":"max-snippet:-1","max-image-preview":"max-image-preview:large","max-video-preview":"max-video-preview:-1"},"canonical":"https:\/\/ppr-antibioresistance.inserm.fr\/en\/informations-et-communications\/actualites\/retrouvez-les-presentations-du-symposium-interdisciplinaire-sur-le-sepsis-du-8-septembre-2022\/","og_locale":"en_GB","og_type":"article","og_title":"Retrouvez les pr\u00e9sentations du Symposium interdisciplinaire sur le sepsis du 8 septembre 2022 - French\u00a0National ANTIBIOTIC RESISTANCE Portal","og_description":"Informations, \u00e9v\u00e8nements et actualit\u00e9s autour de l'Antibior\u00e9sistance en France et \u00e0 l'international.","og_url":"https:\/\/ppr-antibioresistance.inserm.fr\/en\/informations-et-communications\/actualites\/retrouvez-les-presentations-du-symposium-interdisciplinaire-sur-le-sepsis-du-8-septembre-2022\/","og_site_name":"French\u00a0National ANTIBIOTIC RESISTANCE Portal","article_published_time":"2022-12-19T14:35:19+00:00","article_modified_time":"2022-12-20T09:50:51+00:00","author":"Loane Serrano","twitter_card":"summary_large_image","twitter_misc":{"Written by":"Loane Serrano","Estimated reading time":"1 minute"},"schema":{"@context":"https:\/\/schema.org","@graph":[{"@type":"NewsArticle","@id":"https:\/\/ppr-antibioresistance.inserm.fr\/en\/informations-et-communications\/actualites\/retrouvez-les-presentations-du-symposium-interdisciplinaire-sur-le-sepsis-du-8-septembre-2022\/#article","isPartOf":{"@id":"https:\/\/ppr-antibioresistance.inserm.fr\/en\/informations-et-communications\/actualites\/retrouvez-les-presentations-du-symposium-interdisciplinaire-sur-le-sepsis-du-8-septembre-2022\/"},"author":{"name":"Loane Serrano","@id":"https:\/\/ppr-antibioresistance.inserm.fr\/en\/#\/schema\/person\/7993978f184ff491165415f02259de61"},"headline":"Retrouvez les pr\u00e9sentations du Symposium interdisciplinaire sur le sepsis du 8 septembre 2022","datePublished":"2022-12-19T14:35:19+00:00","dateModified":"2022-12-20T09:50:51+00:00","mainEntityOfPage":{"@id":"https:\/\/ppr-antibioresistance.inserm.fr\/en\/informations-et-communications\/actualites\/retrouvez-les-presentations-du-symposium-interdisciplinaire-sur-le-sepsis-du-8-septembre-2022\/"},"wordCount":317,"publisher":{"@id":"https:\/\/ppr-antibioresistance.inserm.fr\/en\/#organization"},"articleSection":["Actualit\u00e9s"],"inLanguage":"en-GB"},{"@type":["WebPage","ItemPage"],"@id":"https:\/\/ppr-antibioresistance.inserm.fr\/en\/informations-et-communications\/actualites\/retrouvez-les-presentations-du-symposium-interdisciplinaire-sur-le-sepsis-du-8-septembre-2022\/","url":"https:\/\/ppr-antibioresistance.inserm.fr\/en\/informations-et-communications\/actualites\/retrouvez-les-presentations-du-symposium-interdisciplinaire-sur-le-sepsis-du-8-septembre-2022\/","name":"Retrouvez les pr\u00e9sentations du Symposium interdisciplinaire sur le sepsis du 8 septembre 2022 - French\u00a0National ANTIBIOTIC RESISTANCE Portal","isPartOf":{"@id":"https:\/\/ppr-antibioresistance.inserm.fr\/en\/#website"},"datePublished":"2022-12-19T14:35:19+00:00","dateModified":"2022-12-20T09:50:51+00:00","description":"Informations, \u00e9v\u00e8nements et actualit\u00e9s autour de l'Antibior\u00e9sistance en France et \u00e0 l'international.","breadcrumb":{"@id":"https:\/\/ppr-antibioresistance.inserm.fr\/en\/informations-et-communications\/actualites\/retrouvez-les-presentations-du-symposium-interdisciplinaire-sur-le-sepsis-du-8-septembre-2022\/#breadcrumb"},"inLanguage":"en-GB","potentialAction":[{"@type":"ReadAction","target":["https:\/\/ppr-antibioresistance.inserm.fr\/en\/informations-et-communications\/actualites\/retrouvez-les-presentations-du-symposium-interdisciplinaire-sur-le-sepsis-du-8-septembre-2022\/"]}]},{"@type":"BreadcrumbList","@id":"https:\/\/ppr-antibioresistance.inserm.fr\/en\/informations-et-communications\/actualites\/retrouvez-les-presentations-du-symposium-interdisciplinaire-sur-le-sepsis-du-8-septembre-2022\/#breadcrumb","itemListElement":[{"@type":"ListItem","position":1,"name":"Home","item":"https:\/\/ppr-antibioresistance.inserm.fr\/en\/"},{"@type":"ListItem","position":2,"name":"Practical info &amp; communications","item":"https:\/\/ppr-antibioresistance.inserm.fr\/en\/info-communication\/"},{"@type":"ListItem","position":3,"name":"News","item":"https:\/\/ppr-antibioresistance.inserm.fr\/en\/info-communication\/news\/"},{"@type":"ListItem","position":4,"name":"Retrouvez les pr\u00e9sentations du Symposium interdisciplinaire sur le sepsis du 8 septembre 2022"}]},{"@type":"WebSite","@id":"https:\/\/ppr-antibioresistance.inserm.fr\/en\/#website","url":"https:\/\/ppr-antibioresistance.inserm.fr\/en\/","name":"French\u00a0National ANTIBIOTIC RESISTANCE Portal","description":"INSERM - From science to health","publisher":{"@id":"https:\/\/ppr-antibioresistance.inserm.fr\/en\/#organization"},"potentialAction":[{"@type":"SearchAction","target":{"@type":"EntryPoint","urlTemplate":"https:\/\/ppr-antibioresistance.inserm.fr\/en\/?s={search_term_string}"},"query-input":"required name=search_term_string"}],"inLanguage":"en-GB"},{"@type":"Organization","@id":"https:\/\/ppr-antibioresistance.inserm.fr\/en\/#organization","name":"Inserm","url":"https:\/\/ppr-antibioresistance.inserm.fr\/en\/","logo":{"@type":"ImageObject","inLanguage":"en-GB","@id":"https:\/\/ppr-antibioresistance.inserm.fr\/en\/#\/schema\/logo\/image\/","url":"https:\/\/ppr-antibioresistance.inserm.fr\/wp-content\/uploads\/2020\/05\/logo-inserm-ppra.svg","contentUrl":"https:\/\/ppr-antibioresistance.inserm.fr\/wp-content\/uploads\/2020\/05\/logo-inserm-ppra.svg","width":1,"height":1,"caption":"Inserm"},"image":{"@id":"https:\/\/ppr-antibioresistance.inserm.fr\/en\/#\/schema\/logo\/image\/"}},{"@type":"Person","@id":"https:\/\/ppr-antibioresistance.inserm.fr\/en\/#\/schema\/person\/7993978f184ff491165415f02259de61","name":"Loane Serrano"}]}},"publishpress_future_action":{"enabled":false,"date":"2026-05-03 08:11:46","action":"change-status","newStatus":"private","terms":[],"taxonomy":"category"},"post_mailing_queue_ids":[],"_links":{"self":[{"href":"https:\/\/ppr-antibioresistance.inserm.fr\/en\/wp-json\/wp\/v2\/posts\/27293"}],"collection":[{"href":"https:\/\/ppr-antibioresistance.inserm.fr\/en\/wp-json\/wp\/v2\/posts"}],"about":[{"href":"https:\/\/ppr-antibioresistance.inserm.fr\/en\/wp-json\/wp\/v2\/types\/post"}],"author":[{"embeddable":true,"href":"https:\/\/ppr-antibioresistance.inserm.fr\/en\/wp-json\/wp\/v2\/users\/271"}],"replies":[{"embeddable":true,"href":"https:\/\/ppr-antibioresistance.inserm.fr\/en\/wp-json\/wp\/v2\/comments?post=27293"}],"version-history":[{"count":11,"href":"https:\/\/ppr-antibioresistance.inserm.fr\/en\/wp-json\/wp\/v2\/posts\/27293\/revisions"}],"predecessor-version":[{"id":27369,"href":"https:\/\/ppr-antibioresistance.inserm.fr\/en\/wp-json\/wp\/v2\/posts\/27293\/revisions\/27369"}],"wp:attachment":[{"href":"https:\/\/ppr-antibioresistance.inserm.fr\/en\/wp-json\/wp\/v2\/media?parent=27293"}],"wp:term":[{"taxonomy":"category","embeddable":true,"href":"https:\/\/ppr-antibioresistance.inserm.fr\/en\/wp-json\/wp\/v2\/categories?post=27293"},{"taxonomy":"post_tag","embeddable":true,"href":"https:\/\/ppr-antibioresistance.inserm.fr\/en\/wp-json\/wp\/v2\/tags?post=27293"}],"curies":[{"name":"wp","href":"https:\/\/api.w.org\/{rel}","templated":true}]}}