{"id":25719,"date":"2022-07-05T11:10:24","date_gmt":"2022-07-05T10:10:24","guid":{"rendered":"https:\/\/ppr-antibioresistance.inserm.fr\/?p=25719"},"modified":"2022-07-20T10:47:19","modified_gmt":"2022-07-20T09:47:19","slug":"save-the-date-symposium-interdisciplinaire-sur-le-sepsis-jeudi-8-septembre-2022-ministere-de-la-sante-amphitheatre-laroque-paris","status":"publish","type":"post","link":"https:\/\/ppr-antibioresistance.inserm.fr\/en\/informations-et-communications\/actualites\/save-the-date-symposium-interdisciplinaire-sur-le-sepsis-jeudi-8-septembre-2022-ministere-de-la-sante-amphitheatre-laroque-paris\/","title":{"rendered":"SAVE THE DATE : Symposium interdisciplinaire sur le sepsis, jeudi 8 septembre 2022, Minist\u00e8re de la Sant\u00e9, Amphith\u00e9\u00e2tre Laroque, Paris"},"content":{"rendered":"\n<p>Cette r\u00e9union scientifique qui aura lieu jeudi 08 septembre 2022 a pour objectifs de :<\/p>\n\n\n\n<ul><li>r\u00e9unir les acteurs impliqu\u00e9s dans la recherche sur le sepsis<\/li><\/ul>\n\n\n\n<ul><li>favoriser les \u00e9changes interdisciplinaires autour de la th\u00e9matique du sepsis<\/li><\/ul>\n\n\n\n<ul><li>souligner les questions non r\u00e9solues autour du sepsis<\/li><\/ul>\n\n\n\n<p>Consultez le programme en Fran\u00e7ais <a href=\"https:\/\/ppr-antibioresistance.inserm.fr\/wp-content\/uploads\/2022\/07\/Programme-Symposium-Sepsis-Francais.pdf\" target=\"_blank\" rel=\"noreferrer noopener\">sur ce lien<\/a><\/p>\n\n\n\n<p>Download the symposium programme <a href=\"https:\/\/ppr-antibioresistance.inserm.fr\/wp-content\/uploads\/2022\/07\/Programme-Symposium-Sepsis-English-1.pdf\" target=\"_blank\" rel=\"noreferrer noopener\">on this link<\/a><\/p>\n\n\n\n<p>Inscription gratuite mais obligatoire via Eventbrite, sur ce lien :<\/p>\n\n\n\n<p><a href=\"https:\/\/www.eventbrite.fr\/e\/billets-symposium-inter-disciplinaire-sur-le-sepsis-380603735017\" target=\"_blank\" rel=\"noreferrer noopener\">https:\/\/www.eventbrite.fr\/e\/billets-symposium-inter-disciplinaire-sur-le-sepsis-380603735017<\/a><\/p>\n\n\n\n<p>.<\/p>\n","protected":false},"excerpt":{"rendered":"<p>Cette r\u00e9union scientifique qui aura lieu jeudi 08 septembre 2022 a pour objectifs de : r\u00e9unir les acteurs impliqu\u00e9s dans la recherche sur le sepsis favoriser les \u00e9changes interdisciplinaires autour de la th\u00e9matique du sepsis souligner les questions non r\u00e9solues autour du sepsis Consultez le programme en Fran\u00e7ais sur ce lien Download the symposium programme [&hellip;]<\/p>\n","protected":false},"author":139,"featured_media":25725,"comment_status":"closed","ping_status":"open","sticky":false,"template":"","format":"standard","meta":{"footnotes":"","_links_to":"","_links_to_target":""},"categories":[31,35],"tags":[],"acf":[],"yoast_head":"<!-- This site is optimized with the Yoast SEO plugin v22.8 - https:\/\/yoast.com\/wordpress\/plugins\/seo\/ -->\n<title>SAVE THE DATE : Symposium interdisciplinaire sur le sepsis, jeudi 8 septembre 2022, Minist\u00e8re de la Sant\u00e9, Amphith\u00e9\u00e2tre Laroque, Paris - French\u00a0National ANTIBIOTIC RESISTANCE Portal<\/title>\n<meta name=\"description\" content=\"Informations, \u00e9v\u00e8nements et actualit\u00e9s autour de l&#039;Antibior\u00e9sistance en France et \u00e0 l&#039;international.\" \/>\n<meta name=\"robots\" content=\"index, follow, max-snippet:-1, max-image-preview:large, max-video-preview:-1\" \/>\n<link rel=\"canonical\" href=\"https:\/\/ppr-antibioresistance.inserm.fr\/en\/informations-et-communications\/actualites\/save-the-date-symposium-interdisciplinaire-sur-le-sepsis-jeudi-8-septembre-2022-ministere-de-la-sante-amphitheatre-laroque-paris\/\" \/>\n<meta property=\"og:locale\" content=\"en_GB\" \/>\n<meta property=\"og:type\" content=\"article\" \/>\n<meta property=\"og:title\" content=\"SAVE THE DATE : Symposium interdisciplinaire sur le sepsis, jeudi 8 septembre 2022, Minist\u00e8re de la Sant\u00e9, Amphith\u00e9\u00e2tre Laroque, Paris - French\u00a0National ANTIBIOTIC RESISTANCE Portal\" \/>\n<meta property=\"og:description\" content=\"Informations, \u00e9v\u00e8nements et actualit\u00e9s autour de l&#039;Antibior\u00e9sistance en France et \u00e0 l&#039;international.\" \/>\n<meta property=\"og:url\" content=\"https:\/\/ppr-antibioresistance.inserm.fr\/en\/informations-et-communications\/actualites\/save-the-date-symposium-interdisciplinaire-sur-le-sepsis-jeudi-8-septembre-2022-ministere-de-la-sante-amphitheatre-laroque-paris\/\" \/>\n<meta property=\"og:site_name\" content=\"French\u00a0National ANTIBIOTIC RESISTANCE Portal\" \/>\n<meta property=\"article:published_time\" content=\"2022-07-05T10:10:24+00:00\" \/>\n<meta property=\"article:modified_time\" content=\"2022-07-20T09:47:19+00:00\" \/>\n<meta property=\"og:image\" content=\"https:\/\/ppr-antibioresistance.inserm.fr\/wp-content\/uploads\/2022\/07\/Save-the-date.jpg\" \/>\n\t<meta property=\"og:image:width\" content=\"517\" \/>\n\t<meta property=\"og:image:height\" content=\"482\" \/>\n\t<meta property=\"og:image:type\" content=\"image\/jpeg\" \/>\n<meta name=\"author\" content=\"\u00c9milie Noguez\" \/>\n<meta name=\"twitter:card\" content=\"summary_large_image\" \/>\n<meta name=\"twitter:label1\" content=\"Written by\" \/>\n\t<meta name=\"twitter:data1\" content=\"\u00c9milie Noguez\" \/>\n\t<meta name=\"twitter:label2\" content=\"Estimated reading time\" \/>\n\t<meta name=\"twitter:data2\" content=\"1 minute\" \/>\n<script type=\"application\/ld+json\" class=\"yoast-schema-graph\">{\"@context\":\"https:\/\/schema.org\",\"@graph\":[{\"@type\":\"NewsArticle\",\"@id\":\"https:\/\/ppr-antibioresistance.inserm.fr\/en\/informations-et-communications\/actualites\/save-the-date-symposium-interdisciplinaire-sur-le-sepsis-jeudi-8-septembre-2022-ministere-de-la-sante-amphitheatre-laroque-paris\/#article\",\"isPartOf\":{\"@id\":\"https:\/\/ppr-antibioresistance.inserm.fr\/en\/informations-et-communications\/actualites\/save-the-date-symposium-interdisciplinaire-sur-le-sepsis-jeudi-8-septembre-2022-ministere-de-la-sante-amphitheatre-laroque-paris\/\"},\"author\":{\"name\":\"\u00c9milie Noguez\",\"@id\":\"https:\/\/ppr-antibioresistance.inserm.fr\/en\/#\/schema\/person\/6ae79ca06cbeaec66ef5e976b54606b3\"},\"headline\":\"SAVE THE DATE : Symposium interdisciplinaire sur le sepsis, jeudi 8 septembre 2022, Minist\u00e8re de la Sant\u00e9, Amphith\u00e9\u00e2tre Laroque, Paris\",\"datePublished\":\"2022-07-05T10:10:24+00:00\",\"dateModified\":\"2022-07-20T09:47:19+00:00\",\"mainEntityOfPage\":{\"@id\":\"https:\/\/ppr-antibioresistance.inserm.fr\/en\/informations-et-communications\/actualites\/save-the-date-symposium-interdisciplinaire-sur-le-sepsis-jeudi-8-septembre-2022-ministere-de-la-sante-amphitheatre-laroque-paris\/\"},\"wordCount\":95,\"publisher\":{\"@id\":\"https:\/\/ppr-antibioresistance.inserm.fr\/en\/#organization\"},\"image\":{\"@id\":\"https:\/\/ppr-antibioresistance.inserm.fr\/en\/informations-et-communications\/actualites\/save-the-date-symposium-interdisciplinaire-sur-le-sepsis-jeudi-8-septembre-2022-ministere-de-la-sante-amphitheatre-laroque-paris\/#primaryimage\"},\"thumbnailUrl\":\"https:\/\/ppr-antibioresistance.inserm.fr\/wp-content\/uploads\/2022\/07\/Save-the-date.jpg\",\"articleSection\":[\"Actualit\u00e9s\",\"Ev\u00e8nements &amp; Colloques\"],\"inLanguage\":\"en-GB\"},{\"@type\":[\"WebPage\",\"ItemPage\"],\"@id\":\"https:\/\/ppr-antibioresistance.inserm.fr\/en\/informations-et-communications\/actualites\/save-the-date-symposium-interdisciplinaire-sur-le-sepsis-jeudi-8-septembre-2022-ministere-de-la-sante-amphitheatre-laroque-paris\/\",\"url\":\"https:\/\/ppr-antibioresistance.inserm.fr\/en\/informations-et-communications\/actualites\/save-the-date-symposium-interdisciplinaire-sur-le-sepsis-jeudi-8-septembre-2022-ministere-de-la-sante-amphitheatre-laroque-paris\/\",\"name\":\"SAVE THE DATE : Symposium interdisciplinaire sur le sepsis, jeudi 8 septembre 2022, Minist\u00e8re de la Sant\u00e9, Amphith\u00e9\u00e2tre Laroque, Paris - French\u00a0National ANTIBIOTIC RESISTANCE Portal\",\"isPartOf\":{\"@id\":\"https:\/\/ppr-antibioresistance.inserm.fr\/en\/#website\"},\"primaryImageOfPage\":{\"@id\":\"https:\/\/ppr-antibioresistance.inserm.fr\/en\/informations-et-communications\/actualites\/save-the-date-symposium-interdisciplinaire-sur-le-sepsis-jeudi-8-septembre-2022-ministere-de-la-sante-amphitheatre-laroque-paris\/#primaryimage\"},\"image\":{\"@id\":\"https:\/\/ppr-antibioresistance.inserm.fr\/en\/informations-et-communications\/actualites\/save-the-date-symposium-interdisciplinaire-sur-le-sepsis-jeudi-8-septembre-2022-ministere-de-la-sante-amphitheatre-laroque-paris\/#primaryimage\"},\"thumbnailUrl\":\"https:\/\/ppr-antibioresistance.inserm.fr\/wp-content\/uploads\/2022\/07\/Save-the-date.jpg\",\"datePublished\":\"2022-07-05T10:10:24+00:00\",\"dateModified\":\"2022-07-20T09:47:19+00:00\",\"description\":\"Informations, \u00e9v\u00e8nements et actualit\u00e9s autour de l'Antibior\u00e9sistance en France et \u00e0 l'international.\",\"breadcrumb\":{\"@id\":\"https:\/\/ppr-antibioresistance.inserm.fr\/en\/informations-et-communications\/actualites\/save-the-date-symposium-interdisciplinaire-sur-le-sepsis-jeudi-8-septembre-2022-ministere-de-la-sante-amphitheatre-laroque-paris\/#breadcrumb\"},\"inLanguage\":\"en-GB\",\"potentialAction\":[{\"@type\":\"ReadAction\",\"target\":[\"https:\/\/ppr-antibioresistance.inserm.fr\/en\/informations-et-communications\/actualites\/save-the-date-symposium-interdisciplinaire-sur-le-sepsis-jeudi-8-septembre-2022-ministere-de-la-sante-amphitheatre-laroque-paris\/\"]}]},{\"@type\":\"ImageObject\",\"inLanguage\":\"en-GB\",\"@id\":\"https:\/\/ppr-antibioresistance.inserm.fr\/en\/informations-et-communications\/actualites\/save-the-date-symposium-interdisciplinaire-sur-le-sepsis-jeudi-8-septembre-2022-ministere-de-la-sante-amphitheatre-laroque-paris\/#primaryimage\",\"url\":\"https:\/\/ppr-antibioresistance.inserm.fr\/wp-content\/uploads\/2022\/07\/Save-the-date.jpg\",\"contentUrl\":\"https:\/\/ppr-antibioresistance.inserm.fr\/wp-content\/uploads\/2022\/07\/Save-the-date.jpg\",\"width\":517,\"height\":482,\"caption\":\"Cr\u00e9dit : Pixabay\"},{\"@type\":\"BreadcrumbList\",\"@id\":\"https:\/\/ppr-antibioresistance.inserm.fr\/en\/informations-et-communications\/actualites\/save-the-date-symposium-interdisciplinaire-sur-le-sepsis-jeudi-8-septembre-2022-ministere-de-la-sante-amphitheatre-laroque-paris\/#breadcrumb\",\"itemListElement\":[{\"@type\":\"ListItem\",\"position\":1,\"name\":\"Home\",\"item\":\"https:\/\/ppr-antibioresistance.inserm.fr\/en\/\"},{\"@type\":\"ListItem\",\"position\":2,\"name\":\"Practical info &amp; communications\",\"item\":\"https:\/\/ppr-antibioresistance.inserm.fr\/en\/info-communication\/\"},{\"@type\":\"ListItem\",\"position\":3,\"name\":\"News\",\"item\":\"https:\/\/ppr-antibioresistance.inserm.fr\/en\/info-communication\/news\/\"},{\"@type\":\"ListItem\",\"position\":4,\"name\":\"SAVE THE DATE : Symposium interdisciplinaire sur le sepsis, jeudi 8 septembre 2022, Minist\u00e8re de la Sant\u00e9, Amphith\u00e9\u00e2tre Laroque, Paris\"}]},{\"@type\":\"WebSite\",\"@id\":\"https:\/\/ppr-antibioresistance.inserm.fr\/en\/#website\",\"url\":\"https:\/\/ppr-antibioresistance.inserm.fr\/en\/\",\"name\":\"French\u00a0National ANTIBIOTIC RESISTANCE Portal\",\"description\":\"INSERM - From science to health\",\"publisher\":{\"@id\":\"https:\/\/ppr-antibioresistance.inserm.fr\/en\/#organization\"},\"potentialAction\":[{\"@type\":\"SearchAction\",\"target\":{\"@type\":\"EntryPoint\",\"urlTemplate\":\"https:\/\/ppr-antibioresistance.inserm.fr\/en\/?s={search_term_string}\"},\"query-input\":\"required name=search_term_string\"}],\"inLanguage\":\"en-GB\"},{\"@type\":\"Organization\",\"@id\":\"https:\/\/ppr-antibioresistance.inserm.fr\/en\/#organization\",\"name\":\"Inserm\",\"url\":\"https:\/\/ppr-antibioresistance.inserm.fr\/en\/\",\"logo\":{\"@type\":\"ImageObject\",\"inLanguage\":\"en-GB\",\"@id\":\"https:\/\/ppr-antibioresistance.inserm.fr\/en\/#\/schema\/logo\/image\/\",\"url\":\"https:\/\/ppr-antibioresistance.inserm.fr\/wp-content\/uploads\/2020\/05\/logo-inserm-ppra.svg\",\"contentUrl\":\"https:\/\/ppr-antibioresistance.inserm.fr\/wp-content\/uploads\/2020\/05\/logo-inserm-ppra.svg\",\"width\":1,\"height\":1,\"caption\":\"Inserm\"},\"image\":{\"@id\":\"https:\/\/ppr-antibioresistance.inserm.fr\/en\/#\/schema\/logo\/image\/\"}},{\"@type\":\"Person\",\"@id\":\"https:\/\/ppr-antibioresistance.inserm.fr\/en\/#\/schema\/person\/6ae79ca06cbeaec66ef5e976b54606b3\",\"name\":\"\u00c9milie Noguez\"}]}<\/script>\n<!-- \/ Yoast SEO plugin. -->","yoast_head_json":{"title":"SAVE THE DATE : Symposium interdisciplinaire sur le sepsis, jeudi 8 septembre 2022, Minist\u00e8re de la Sant\u00e9, Amphith\u00e9\u00e2tre Laroque, Paris - French\u00a0National ANTIBIOTIC RESISTANCE Portal","description":"Informations, \u00e9v\u00e8nements et actualit\u00e9s autour de l'Antibior\u00e9sistance en France et \u00e0 l'international.","robots":{"index":"index","follow":"follow","max-snippet":"max-snippet:-1","max-image-preview":"max-image-preview:large","max-video-preview":"max-video-preview:-1"},"canonical":"https:\/\/ppr-antibioresistance.inserm.fr\/en\/informations-et-communications\/actualites\/save-the-date-symposium-interdisciplinaire-sur-le-sepsis-jeudi-8-septembre-2022-ministere-de-la-sante-amphitheatre-laroque-paris\/","og_locale":"en_GB","og_type":"article","og_title":"SAVE THE DATE : Symposium interdisciplinaire sur le sepsis, jeudi 8 septembre 2022, Minist\u00e8re de la Sant\u00e9, Amphith\u00e9\u00e2tre Laroque, Paris - French\u00a0National ANTIBIOTIC RESISTANCE Portal","og_description":"Informations, \u00e9v\u00e8nements et actualit\u00e9s autour de l'Antibior\u00e9sistance en France et \u00e0 l'international.","og_url":"https:\/\/ppr-antibioresistance.inserm.fr\/en\/informations-et-communications\/actualites\/save-the-date-symposium-interdisciplinaire-sur-le-sepsis-jeudi-8-septembre-2022-ministere-de-la-sante-amphitheatre-laroque-paris\/","og_site_name":"French\u00a0National ANTIBIOTIC RESISTANCE Portal","article_published_time":"2022-07-05T10:10:24+00:00","article_modified_time":"2022-07-20T09:47:19+00:00","og_image":[{"width":517,"height":482,"url":"https:\/\/ppr-antibioresistance.inserm.fr\/wp-content\/uploads\/2022\/07\/Save-the-date.jpg","type":"image\/jpeg"}],"author":"\u00c9milie Noguez","twitter_card":"summary_large_image","twitter_misc":{"Written by":"\u00c9milie Noguez","Estimated reading time":"1 minute"},"schema":{"@context":"https:\/\/schema.org","@graph":[{"@type":"NewsArticle","@id":"https:\/\/ppr-antibioresistance.inserm.fr\/en\/informations-et-communications\/actualites\/save-the-date-symposium-interdisciplinaire-sur-le-sepsis-jeudi-8-septembre-2022-ministere-de-la-sante-amphitheatre-laroque-paris\/#article","isPartOf":{"@id":"https:\/\/ppr-antibioresistance.inserm.fr\/en\/informations-et-communications\/actualites\/save-the-date-symposium-interdisciplinaire-sur-le-sepsis-jeudi-8-septembre-2022-ministere-de-la-sante-amphitheatre-laroque-paris\/"},"author":{"name":"\u00c9milie Noguez","@id":"https:\/\/ppr-antibioresistance.inserm.fr\/en\/#\/schema\/person\/6ae79ca06cbeaec66ef5e976b54606b3"},"headline":"SAVE THE DATE : Symposium interdisciplinaire sur le sepsis, jeudi 8 septembre 2022, Minist\u00e8re de la Sant\u00e9, Amphith\u00e9\u00e2tre Laroque, Paris","datePublished":"2022-07-05T10:10:24+00:00","dateModified":"2022-07-20T09:47:19+00:00","mainEntityOfPage":{"@id":"https:\/\/ppr-antibioresistance.inserm.fr\/en\/informations-et-communications\/actualites\/save-the-date-symposium-interdisciplinaire-sur-le-sepsis-jeudi-8-septembre-2022-ministere-de-la-sante-amphitheatre-laroque-paris\/"},"wordCount":95,"publisher":{"@id":"https:\/\/ppr-antibioresistance.inserm.fr\/en\/#organization"},"image":{"@id":"https:\/\/ppr-antibioresistance.inserm.fr\/en\/informations-et-communications\/actualites\/save-the-date-symposium-interdisciplinaire-sur-le-sepsis-jeudi-8-septembre-2022-ministere-de-la-sante-amphitheatre-laroque-paris\/#primaryimage"},"thumbnailUrl":"https:\/\/ppr-antibioresistance.inserm.fr\/wp-content\/uploads\/2022\/07\/Save-the-date.jpg","articleSection":["Actualit\u00e9s","Ev\u00e8nements &amp; Colloques"],"inLanguage":"en-GB"},{"@type":["WebPage","ItemPage"],"@id":"https:\/\/ppr-antibioresistance.inserm.fr\/en\/informations-et-communications\/actualites\/save-the-date-symposium-interdisciplinaire-sur-le-sepsis-jeudi-8-septembre-2022-ministere-de-la-sante-amphitheatre-laroque-paris\/","url":"https:\/\/ppr-antibioresistance.inserm.fr\/en\/informations-et-communications\/actualites\/save-the-date-symposium-interdisciplinaire-sur-le-sepsis-jeudi-8-septembre-2022-ministere-de-la-sante-amphitheatre-laroque-paris\/","name":"SAVE THE DATE : Symposium interdisciplinaire sur le sepsis, jeudi 8 septembre 2022, Minist\u00e8re de la Sant\u00e9, Amphith\u00e9\u00e2tre Laroque, Paris - French\u00a0National ANTIBIOTIC RESISTANCE Portal","isPartOf":{"@id":"https:\/\/ppr-antibioresistance.inserm.fr\/en\/#website"},"primaryImageOfPage":{"@id":"https:\/\/ppr-antibioresistance.inserm.fr\/en\/informations-et-communications\/actualites\/save-the-date-symposium-interdisciplinaire-sur-le-sepsis-jeudi-8-septembre-2022-ministere-de-la-sante-amphitheatre-laroque-paris\/#primaryimage"},"image":{"@id":"https:\/\/ppr-antibioresistance.inserm.fr\/en\/informations-et-communications\/actualites\/save-the-date-symposium-interdisciplinaire-sur-le-sepsis-jeudi-8-septembre-2022-ministere-de-la-sante-amphitheatre-laroque-paris\/#primaryimage"},"thumbnailUrl":"https:\/\/ppr-antibioresistance.inserm.fr\/wp-content\/uploads\/2022\/07\/Save-the-date.jpg","datePublished":"2022-07-05T10:10:24+00:00","dateModified":"2022-07-20T09:47:19+00:00","description":"Informations, \u00e9v\u00e8nements et actualit\u00e9s autour de l'Antibior\u00e9sistance en France et \u00e0 l'international.","breadcrumb":{"@id":"https:\/\/ppr-antibioresistance.inserm.fr\/en\/informations-et-communications\/actualites\/save-the-date-symposium-interdisciplinaire-sur-le-sepsis-jeudi-8-septembre-2022-ministere-de-la-sante-amphitheatre-laroque-paris\/#breadcrumb"},"inLanguage":"en-GB","potentialAction":[{"@type":"ReadAction","target":["https:\/\/ppr-antibioresistance.inserm.fr\/en\/informations-et-communications\/actualites\/save-the-date-symposium-interdisciplinaire-sur-le-sepsis-jeudi-8-septembre-2022-ministere-de-la-sante-amphitheatre-laroque-paris\/"]}]},{"@type":"ImageObject","inLanguage":"en-GB","@id":"https:\/\/ppr-antibioresistance.inserm.fr\/en\/informations-et-communications\/actualites\/save-the-date-symposium-interdisciplinaire-sur-le-sepsis-jeudi-8-septembre-2022-ministere-de-la-sante-amphitheatre-laroque-paris\/#primaryimage","url":"https:\/\/ppr-antibioresistance.inserm.fr\/wp-content\/uploads\/2022\/07\/Save-the-date.jpg","contentUrl":"https:\/\/ppr-antibioresistance.inserm.fr\/wp-content\/uploads\/2022\/07\/Save-the-date.jpg","width":517,"height":482,"caption":"Cr\u00e9dit : Pixabay"},{"@type":"BreadcrumbList","@id":"https:\/\/ppr-antibioresistance.inserm.fr\/en\/informations-et-communications\/actualites\/save-the-date-symposium-interdisciplinaire-sur-le-sepsis-jeudi-8-septembre-2022-ministere-de-la-sante-amphitheatre-laroque-paris\/#breadcrumb","itemListElement":[{"@type":"ListItem","position":1,"name":"Home","item":"https:\/\/ppr-antibioresistance.inserm.fr\/en\/"},{"@type":"ListItem","position":2,"name":"Practical info &amp; communications","item":"https:\/\/ppr-antibioresistance.inserm.fr\/en\/info-communication\/"},{"@type":"ListItem","position":3,"name":"News","item":"https:\/\/ppr-antibioresistance.inserm.fr\/en\/info-communication\/news\/"},{"@type":"ListItem","position":4,"name":"SAVE THE DATE : Symposium interdisciplinaire sur le sepsis, jeudi 8 septembre 2022, Minist\u00e8re de la Sant\u00e9, Amphith\u00e9\u00e2tre Laroque, Paris"}]},{"@type":"WebSite","@id":"https:\/\/ppr-antibioresistance.inserm.fr\/en\/#website","url":"https:\/\/ppr-antibioresistance.inserm.fr\/en\/","name":"French\u00a0National ANTIBIOTIC RESISTANCE Portal","description":"INSERM - From science to health","publisher":{"@id":"https:\/\/ppr-antibioresistance.inserm.fr\/en\/#organization"},"potentialAction":[{"@type":"SearchAction","target":{"@type":"EntryPoint","urlTemplate":"https:\/\/ppr-antibioresistance.inserm.fr\/en\/?s={search_term_string}"},"query-input":"required name=search_term_string"}],"inLanguage":"en-GB"},{"@type":"Organization","@id":"https:\/\/ppr-antibioresistance.inserm.fr\/en\/#organization","name":"Inserm","url":"https:\/\/ppr-antibioresistance.inserm.fr\/en\/","logo":{"@type":"ImageObject","inLanguage":"en-GB","@id":"https:\/\/ppr-antibioresistance.inserm.fr\/en\/#\/schema\/logo\/image\/","url":"https:\/\/ppr-antibioresistance.inserm.fr\/wp-content\/uploads\/2020\/05\/logo-inserm-ppra.svg","contentUrl":"https:\/\/ppr-antibioresistance.inserm.fr\/wp-content\/uploads\/2020\/05\/logo-inserm-ppra.svg","width":1,"height":1,"caption":"Inserm"},"image":{"@id":"https:\/\/ppr-antibioresistance.inserm.fr\/en\/#\/schema\/logo\/image\/"}},{"@type":"Person","@id":"https:\/\/ppr-antibioresistance.inserm.fr\/en\/#\/schema\/person\/6ae79ca06cbeaec66ef5e976b54606b3","name":"\u00c9milie Noguez"}]}},"publishpress_future_action":{"enabled":false,"date":"2026-05-04 15:09:28","action":"change-status","newStatus":"private","terms":[],"taxonomy":"category"},"post_mailing_queue_ids":[],"_links":{"self":[{"href":"https:\/\/ppr-antibioresistance.inserm.fr\/en\/wp-json\/wp\/v2\/posts\/25719"}],"collection":[{"href":"https:\/\/ppr-antibioresistance.inserm.fr\/en\/wp-json\/wp\/v2\/posts"}],"about":[{"href":"https:\/\/ppr-antibioresistance.inserm.fr\/en\/wp-json\/wp\/v2\/types\/post"}],"author":[{"embeddable":true,"href":"https:\/\/ppr-antibioresistance.inserm.fr\/en\/wp-json\/wp\/v2\/users\/139"}],"replies":[{"embeddable":true,"href":"https:\/\/ppr-antibioresistance.inserm.fr\/en\/wp-json\/wp\/v2\/comments?post=25719"}],"version-history":[{"count":15,"href":"https:\/\/ppr-antibioresistance.inserm.fr\/en\/wp-json\/wp\/v2\/posts\/25719\/revisions"}],"predecessor-version":[{"id":26075,"href":"https:\/\/ppr-antibioresistance.inserm.fr\/en\/wp-json\/wp\/v2\/posts\/25719\/revisions\/26075"}],"wp:featuredmedia":[{"embeddable":true,"href":"https:\/\/ppr-antibioresistance.inserm.fr\/en\/wp-json\/wp\/v2\/media\/25725"}],"wp:attachment":[{"href":"https:\/\/ppr-antibioresistance.inserm.fr\/en\/wp-json\/wp\/v2\/media?parent=25719"}],"wp:term":[{"taxonomy":"category","embeddable":true,"href":"https:\/\/ppr-antibioresistance.inserm.fr\/en\/wp-json\/wp\/v2\/categories?post=25719"},{"taxonomy":"post_tag","embeddable":true,"href":"https:\/\/ppr-antibioresistance.inserm.fr\/en\/wp-json\/wp\/v2\/tags?post=25719"}],"curies":[{"name":"wp","href":"https:\/\/api.w.org\/{rel}","templated":true}]}}