{"id":25103,"date":"2022-06-13T14:24:23","date_gmt":"2022-06-13T13:24:23","guid":{"rendered":"https:\/\/ppr-antibioresistance.inserm.fr\/?p=25103"},"modified":"2022-06-21T15:07:36","modified_gmt":"2022-06-21T14:07:36","slug":"antibioresistance-7-academies-a-la-chasse-aux-microbes-seance-a-lacademie-dagriculture-15-juin-2022-9h-a-17h15-a-paris-avec-retransmission-sur-youtube","status":"publish","type":"post","link":"https:\/\/ppr-antibioresistance.inserm.fr\/en\/informations-et-communications\/evenements-colloques\/antibioresistance-7-academies-a-la-chasse-aux-microbes-seance-a-lacademie-dagriculture-15-juin-2022-9h-a-17h15-a-paris-avec-retransmission-sur-youtube\/","title":{"rendered":"Antibior\u00e9sistance : 7 acad\u00e9mies \u00e0 la chasse aux microbes, s\u00e9ance \u00e0 l&#8217;acad\u00e9mie d&#8217;agriculture, 15 juin 2022, 9h \u00e0 17h15, \u00e0 Paris, avec retransmission sur Youtube"},"content":{"rendered":"\n<p>L\u2019Acad\u00e9mie d\u2019Agriculture de France, l\u2019Acad\u00e9mie nationale de Chirurgie, l\u2019Acad\u00e9mie nationale de Chirurgie Dentaire, l\u2019Acad\u00e9mie nationale de m\u00e9decine, l\u2019Acad\u00e9mie nationale de Pharmacie, l\u2019Acad\u00e9mie V\u00e9t\u00e9rinaire de France et l\u2019Acad\u00e9mie des Sciences proposent, mercredi 15 juin 2022 de 9h00 \u00e0 17h15, une s\u00e9ance d\u00e9di\u00e9e \u00e0 l\u2019antibior\u00e9sistance.<\/p>\n\n\n\n<p>Lieu : Acad\u00e9mie d\u2019Agriculture \u2013 18 rue de Bellechasse, 75007 \u2013 Paris<\/p>\n\n\n\n<p>La s\u00e9ance est int\u00e9gralement retransmise sur youtube&nbsp;<a href=\"https:\/\/www.youtube.com\/channel\/UCxERz8wtBBH9VXfgJOfVODA\" target=\"_blank\" rel=\"noreferrer noopener\">via ce lien<\/a>&nbsp;&nbsp;<\/p>\n\n\n\n<p><a href=\"https:\/\/toute-la.veille-acteurs-sante.fr\/files\/2022\/06\/Programme-seance-du-15-juin-2022-mise-a-jour-au-3-fevrier-2022-V3.pdf\" target=\"_blank\" rel=\"noreferrer noopener\">Consulter le programme de la s\u00e9ance<\/a><\/p>\n\n\n\n<p>Consultez la <a href=\"https:\/\/www.acadpharm.org\/dos_public\/SYNTHESE_ET_CONCLUSIONS_DU_COLLOQUE_DU_15_JUIN_2022__VF.PDF\" target=\"_blank\" rel=\"noreferrer noopener\">synth\u00e8se du colloque.<\/a><\/p>\n\n\n\n<p>Contact presse :<br>Nicole PRIOLLAUD<br>Charg\u00e9e de la communication<br>Acad\u00e9mie nationale de Pharmacie<\/p>\n","protected":false},"excerpt":{"rendered":"<p>L\u2019Acad\u00e9mie d\u2019Agriculture de France, l\u2019Acad\u00e9mie nationale de Chirurgie, l\u2019Acad\u00e9mie nationale de Chirurgie Dentaire, l\u2019Acad\u00e9mie nationale de m\u00e9decine, l\u2019Acad\u00e9mie nationale de Pharmacie, l\u2019Acad\u00e9mie V\u00e9t\u00e9rinaire de France et l\u2019Acad\u00e9mie des Sciences proposent, mercredi 15 juin 2022 de 9h00 \u00e0 17h15, une s\u00e9ance d\u00e9di\u00e9e \u00e0 l\u2019antibior\u00e9sistance. Lieu : Acad\u00e9mie d\u2019Agriculture \u2013 18 rue de Bellechasse, 75007 \u2013 Paris [&hellip;]<\/p>\n","protected":false},"author":139,"featured_media":25109,"comment_status":"closed","ping_status":"open","sticky":false,"template":"","format":"standard","meta":{"footnotes":"","_links_to":"","_links_to_target":""},"categories":[35],"tags":[],"acf":[],"yoast_head":"<!-- This site is optimized with the Yoast SEO plugin v22.8 - https:\/\/yoast.com\/wordpress\/plugins\/seo\/ -->\n<title>Antibior\u00e9sistance : 7 acad\u00e9mies \u00e0 la chasse aux microbes, s\u00e9ance \u00e0 l&#039;acad\u00e9mie d&#039;agriculture, 15 juin 2022, 9h \u00e0 17h15, \u00e0 Paris, avec retransmission sur Youtube - French\u00a0National ANTIBIOTIC RESISTANCE Portal<\/title>\n<meta name=\"description\" content=\"Informations, \u00e9v\u00e8nements et actualit\u00e9s autour de l&#039;Antibior\u00e9sistance en France et \u00e0 l&#039;international.\" \/>\n<meta name=\"robots\" content=\"index, follow, max-snippet:-1, max-image-preview:large, max-video-preview:-1\" \/>\n<link rel=\"canonical\" href=\"https:\/\/ppr-antibioresistance.inserm.fr\/en\/informations-et-communications\/evenements-colloques\/antibioresistance-7-academies-a-la-chasse-aux-microbes-seance-a-lacademie-dagriculture-15-juin-2022-9h-a-17h15-a-paris-avec-retransmission-sur-youtube\/\" \/>\n<meta property=\"og:locale\" content=\"en_GB\" \/>\n<meta property=\"og:type\" content=\"article\" \/>\n<meta property=\"og:title\" content=\"Antibior\u00e9sistance : 7 acad\u00e9mies \u00e0 la chasse aux microbes, s\u00e9ance \u00e0 l&#039;acad\u00e9mie d&#039;agriculture, 15 juin 2022, 9h \u00e0 17h15, \u00e0 Paris, avec retransmission sur Youtube - French\u00a0National ANTIBIOTIC RESISTANCE Portal\" \/>\n<meta property=\"og:description\" content=\"Informations, \u00e9v\u00e8nements et actualit\u00e9s autour de l&#039;Antibior\u00e9sistance en France et \u00e0 l&#039;international.\" \/>\n<meta property=\"og:url\" content=\"https:\/\/ppr-antibioresistance.inserm.fr\/en\/informations-et-communications\/evenements-colloques\/antibioresistance-7-academies-a-la-chasse-aux-microbes-seance-a-lacademie-dagriculture-15-juin-2022-9h-a-17h15-a-paris-avec-retransmission-sur-youtube\/\" \/>\n<meta property=\"og:site_name\" content=\"French\u00a0National ANTIBIOTIC RESISTANCE Portal\" \/>\n<meta property=\"article:published_time\" content=\"2022-06-13T13:24:23+00:00\" \/>\n<meta property=\"article:modified_time\" content=\"2022-06-21T14:07:36+00:00\" \/>\n<meta property=\"og:image\" content=\"https:\/\/ppr-antibioresistance.inserm.fr\/wp-content\/uploads\/2022\/06\/Mosaique.png\" \/>\n\t<meta property=\"og:image:width\" content=\"861\" \/>\n\t<meta property=\"og:image:height\" content=\"536\" \/>\n\t<meta property=\"og:image:type\" content=\"image\/png\" \/>\n<meta name=\"author\" content=\"\u00c9milie Noguez\" \/>\n<meta name=\"twitter:card\" content=\"summary_large_image\" \/>\n<meta name=\"twitter:label1\" content=\"Written by\" \/>\n\t<meta name=\"twitter:data1\" content=\"\u00c9milie Noguez\" \/>\n\t<meta name=\"twitter:label2\" content=\"Estimated reading time\" \/>\n\t<meta name=\"twitter:data2\" content=\"1 minute\" \/>\n<script type=\"application\/ld+json\" class=\"yoast-schema-graph\">{\"@context\":\"https:\/\/schema.org\",\"@graph\":[{\"@type\":\"NewsArticle\",\"@id\":\"https:\/\/ppr-antibioresistance.inserm.fr\/en\/informations-et-communications\/evenements-colloques\/antibioresistance-7-academies-a-la-chasse-aux-microbes-seance-a-lacademie-dagriculture-15-juin-2022-9h-a-17h15-a-paris-avec-retransmission-sur-youtube\/#article\",\"isPartOf\":{\"@id\":\"https:\/\/ppr-antibioresistance.inserm.fr\/en\/informations-et-communications\/evenements-colloques\/antibioresistance-7-academies-a-la-chasse-aux-microbes-seance-a-lacademie-dagriculture-15-juin-2022-9h-a-17h15-a-paris-avec-retransmission-sur-youtube\/\"},\"author\":{\"name\":\"\u00c9milie Noguez\",\"@id\":\"https:\/\/ppr-antibioresistance.inserm.fr\/en\/#\/schema\/person\/6ae79ca06cbeaec66ef5e976b54606b3\"},\"headline\":\"Antibior\u00e9sistance : 7 acad\u00e9mies \u00e0 la chasse aux microbes, s\u00e9ance \u00e0 l&#8217;acad\u00e9mie d&#8217;agriculture, 15 juin 2022, 9h \u00e0 17h15, \u00e0 Paris, avec retransmission sur Youtube\",\"datePublished\":\"2022-06-13T13:24:23+00:00\",\"dateModified\":\"2022-06-21T14:07:36+00:00\",\"mainEntityOfPage\":{\"@id\":\"https:\/\/ppr-antibioresistance.inserm.fr\/en\/informations-et-communications\/evenements-colloques\/antibioresistance-7-academies-a-la-chasse-aux-microbes-seance-a-lacademie-dagriculture-15-juin-2022-9h-a-17h15-a-paris-avec-retransmission-sur-youtube\/\"},\"wordCount\":132,\"publisher\":{\"@id\":\"https:\/\/ppr-antibioresistance.inserm.fr\/en\/#organization\"},\"image\":{\"@id\":\"https:\/\/ppr-antibioresistance.inserm.fr\/en\/informations-et-communications\/evenements-colloques\/antibioresistance-7-academies-a-la-chasse-aux-microbes-seance-a-lacademie-dagriculture-15-juin-2022-9h-a-17h15-a-paris-avec-retransmission-sur-youtube\/#primaryimage\"},\"thumbnailUrl\":\"https:\/\/ppr-antibioresistance.inserm.fr\/wp-content\/uploads\/2022\/06\/Mosaique.png\",\"articleSection\":[\"Ev\u00e8nements &amp; Colloques\"],\"inLanguage\":\"en-GB\"},{\"@type\":[\"WebPage\",\"ItemPage\"],\"@id\":\"https:\/\/ppr-antibioresistance.inserm.fr\/en\/informations-et-communications\/evenements-colloques\/antibioresistance-7-academies-a-la-chasse-aux-microbes-seance-a-lacademie-dagriculture-15-juin-2022-9h-a-17h15-a-paris-avec-retransmission-sur-youtube\/\",\"url\":\"https:\/\/ppr-antibioresistance.inserm.fr\/en\/informations-et-communications\/evenements-colloques\/antibioresistance-7-academies-a-la-chasse-aux-microbes-seance-a-lacademie-dagriculture-15-juin-2022-9h-a-17h15-a-paris-avec-retransmission-sur-youtube\/\",\"name\":\"Antibior\u00e9sistance : 7 acad\u00e9mies \u00e0 la chasse aux microbes, s\u00e9ance \u00e0 l'acad\u00e9mie d'agriculture, 15 juin 2022, 9h \u00e0 17h15, \u00e0 Paris, avec retransmission sur Youtube - French\u00a0National ANTIBIOTIC RESISTANCE Portal\",\"isPartOf\":{\"@id\":\"https:\/\/ppr-antibioresistance.inserm.fr\/en\/#website\"},\"primaryImageOfPage\":{\"@id\":\"https:\/\/ppr-antibioresistance.inserm.fr\/en\/informations-et-communications\/evenements-colloques\/antibioresistance-7-academies-a-la-chasse-aux-microbes-seance-a-lacademie-dagriculture-15-juin-2022-9h-a-17h15-a-paris-avec-retransmission-sur-youtube\/#primaryimage\"},\"image\":{\"@id\":\"https:\/\/ppr-antibioresistance.inserm.fr\/en\/informations-et-communications\/evenements-colloques\/antibioresistance-7-academies-a-la-chasse-aux-microbes-seance-a-lacademie-dagriculture-15-juin-2022-9h-a-17h15-a-paris-avec-retransmission-sur-youtube\/#primaryimage\"},\"thumbnailUrl\":\"https:\/\/ppr-antibioresistance.inserm.fr\/wp-content\/uploads\/2022\/06\/Mosaique.png\",\"datePublished\":\"2022-06-13T13:24:23+00:00\",\"dateModified\":\"2022-06-21T14:07:36+00:00\",\"description\":\"Informations, \u00e9v\u00e8nements et actualit\u00e9s autour de l'Antibior\u00e9sistance en France et \u00e0 l'international.\",\"breadcrumb\":{\"@id\":\"https:\/\/ppr-antibioresistance.inserm.fr\/en\/informations-et-communications\/evenements-colloques\/antibioresistance-7-academies-a-la-chasse-aux-microbes-seance-a-lacademie-dagriculture-15-juin-2022-9h-a-17h15-a-paris-avec-retransmission-sur-youtube\/#breadcrumb\"},\"inLanguage\":\"en-GB\",\"potentialAction\":[{\"@type\":\"ReadAction\",\"target\":[\"https:\/\/ppr-antibioresistance.inserm.fr\/en\/informations-et-communications\/evenements-colloques\/antibioresistance-7-academies-a-la-chasse-aux-microbes-seance-a-lacademie-dagriculture-15-juin-2022-9h-a-17h15-a-paris-avec-retransmission-sur-youtube\/\"]}]},{\"@type\":\"ImageObject\",\"inLanguage\":\"en-GB\",\"@id\":\"https:\/\/ppr-antibioresistance.inserm.fr\/en\/informations-et-communications\/evenements-colloques\/antibioresistance-7-academies-a-la-chasse-aux-microbes-seance-a-lacademie-dagriculture-15-juin-2022-9h-a-17h15-a-paris-avec-retransmission-sur-youtube\/#primaryimage\",\"url\":\"https:\/\/ppr-antibioresistance.inserm.fr\/wp-content\/uploads\/2022\/06\/Mosaique.png\",\"contentUrl\":\"https:\/\/ppr-antibioresistance.inserm.fr\/wp-content\/uploads\/2022\/06\/Mosaique.png\",\"width\":861,\"height\":536,\"caption\":\"Cr\u00e9dit : Pixabay\"},{\"@type\":\"BreadcrumbList\",\"@id\":\"https:\/\/ppr-antibioresistance.inserm.fr\/en\/informations-et-communications\/evenements-colloques\/antibioresistance-7-academies-a-la-chasse-aux-microbes-seance-a-lacademie-dagriculture-15-juin-2022-9h-a-17h15-a-paris-avec-retransmission-sur-youtube\/#breadcrumb\",\"itemListElement\":[{\"@type\":\"ListItem\",\"position\":1,\"name\":\"Home\",\"item\":\"https:\/\/ppr-antibioresistance.inserm.fr\/en\/\"},{\"@type\":\"ListItem\",\"position\":2,\"name\":\"Practical info &amp; communications\",\"item\":\"https:\/\/ppr-antibioresistance.inserm.fr\/en\/info-communication\/\"},{\"@type\":\"ListItem\",\"position\":3,\"name\":\"Events &amp; Conferences\",\"item\":\"https:\/\/ppr-antibioresistance.inserm.fr\/en\/info-communication\/events-conferences\/\"},{\"@type\":\"ListItem\",\"position\":4,\"name\":\"Antibior\u00e9sistance : 7 acad\u00e9mies \u00e0 la chasse aux microbes, s\u00e9ance \u00e0 l\u2019acad\u00e9mie d\u2019agriculture, 15 juin 2022, 9h \u00e0 17h15, \u00e0 Paris, avec retransmission sur Youtube\"}]},{\"@type\":\"WebSite\",\"@id\":\"https:\/\/ppr-antibioresistance.inserm.fr\/en\/#website\",\"url\":\"https:\/\/ppr-antibioresistance.inserm.fr\/en\/\",\"name\":\"French\u00a0National ANTIBIOTIC RESISTANCE Portal\",\"description\":\"INSERM - From science to health\",\"publisher\":{\"@id\":\"https:\/\/ppr-antibioresistance.inserm.fr\/en\/#organization\"},\"potentialAction\":[{\"@type\":\"SearchAction\",\"target\":{\"@type\":\"EntryPoint\",\"urlTemplate\":\"https:\/\/ppr-antibioresistance.inserm.fr\/en\/?s={search_term_string}\"},\"query-input\":\"required name=search_term_string\"}],\"inLanguage\":\"en-GB\"},{\"@type\":\"Organization\",\"@id\":\"https:\/\/ppr-antibioresistance.inserm.fr\/en\/#organization\",\"name\":\"Inserm\",\"url\":\"https:\/\/ppr-antibioresistance.inserm.fr\/en\/\",\"logo\":{\"@type\":\"ImageObject\",\"inLanguage\":\"en-GB\",\"@id\":\"https:\/\/ppr-antibioresistance.inserm.fr\/en\/#\/schema\/logo\/image\/\",\"url\":\"https:\/\/ppr-antibioresistance.inserm.fr\/wp-content\/uploads\/2020\/05\/logo-inserm-ppra.svg\",\"contentUrl\":\"https:\/\/ppr-antibioresistance.inserm.fr\/wp-content\/uploads\/2020\/05\/logo-inserm-ppra.svg\",\"width\":1,\"height\":1,\"caption\":\"Inserm\"},\"image\":{\"@id\":\"https:\/\/ppr-antibioresistance.inserm.fr\/en\/#\/schema\/logo\/image\/\"}},{\"@type\":\"Person\",\"@id\":\"https:\/\/ppr-antibioresistance.inserm.fr\/en\/#\/schema\/person\/6ae79ca06cbeaec66ef5e976b54606b3\",\"name\":\"\u00c9milie Noguez\"}]}<\/script>\n<!-- \/ Yoast SEO plugin. -->","yoast_head_json":{"title":"Antibior\u00e9sistance : 7 acad\u00e9mies \u00e0 la chasse aux microbes, s\u00e9ance \u00e0 l'acad\u00e9mie d'agriculture, 15 juin 2022, 9h \u00e0 17h15, \u00e0 Paris, avec retransmission sur Youtube - French\u00a0National ANTIBIOTIC RESISTANCE Portal","description":"Informations, \u00e9v\u00e8nements et actualit\u00e9s autour de l'Antibior\u00e9sistance en France et \u00e0 l'international.","robots":{"index":"index","follow":"follow","max-snippet":"max-snippet:-1","max-image-preview":"max-image-preview:large","max-video-preview":"max-video-preview:-1"},"canonical":"https:\/\/ppr-antibioresistance.inserm.fr\/en\/informations-et-communications\/evenements-colloques\/antibioresistance-7-academies-a-la-chasse-aux-microbes-seance-a-lacademie-dagriculture-15-juin-2022-9h-a-17h15-a-paris-avec-retransmission-sur-youtube\/","og_locale":"en_GB","og_type":"article","og_title":"Antibior\u00e9sistance : 7 acad\u00e9mies \u00e0 la chasse aux microbes, s\u00e9ance \u00e0 l'acad\u00e9mie d'agriculture, 15 juin 2022, 9h \u00e0 17h15, \u00e0 Paris, avec retransmission sur Youtube - French\u00a0National ANTIBIOTIC RESISTANCE Portal","og_description":"Informations, \u00e9v\u00e8nements et actualit\u00e9s autour de l'Antibior\u00e9sistance en France et \u00e0 l'international.","og_url":"https:\/\/ppr-antibioresistance.inserm.fr\/en\/informations-et-communications\/evenements-colloques\/antibioresistance-7-academies-a-la-chasse-aux-microbes-seance-a-lacademie-dagriculture-15-juin-2022-9h-a-17h15-a-paris-avec-retransmission-sur-youtube\/","og_site_name":"French\u00a0National ANTIBIOTIC RESISTANCE Portal","article_published_time":"2022-06-13T13:24:23+00:00","article_modified_time":"2022-06-21T14:07:36+00:00","og_image":[{"width":861,"height":536,"url":"https:\/\/ppr-antibioresistance.inserm.fr\/wp-content\/uploads\/2022\/06\/Mosaique.png","type":"image\/png"}],"author":"\u00c9milie Noguez","twitter_card":"summary_large_image","twitter_misc":{"Written by":"\u00c9milie Noguez","Estimated reading time":"1 minute"},"schema":{"@context":"https:\/\/schema.org","@graph":[{"@type":"NewsArticle","@id":"https:\/\/ppr-antibioresistance.inserm.fr\/en\/informations-et-communications\/evenements-colloques\/antibioresistance-7-academies-a-la-chasse-aux-microbes-seance-a-lacademie-dagriculture-15-juin-2022-9h-a-17h15-a-paris-avec-retransmission-sur-youtube\/#article","isPartOf":{"@id":"https:\/\/ppr-antibioresistance.inserm.fr\/en\/informations-et-communications\/evenements-colloques\/antibioresistance-7-academies-a-la-chasse-aux-microbes-seance-a-lacademie-dagriculture-15-juin-2022-9h-a-17h15-a-paris-avec-retransmission-sur-youtube\/"},"author":{"name":"\u00c9milie Noguez","@id":"https:\/\/ppr-antibioresistance.inserm.fr\/en\/#\/schema\/person\/6ae79ca06cbeaec66ef5e976b54606b3"},"headline":"Antibior\u00e9sistance : 7 acad\u00e9mies \u00e0 la chasse aux microbes, s\u00e9ance \u00e0 l&#8217;acad\u00e9mie d&#8217;agriculture, 15 juin 2022, 9h \u00e0 17h15, \u00e0 Paris, avec retransmission sur Youtube","datePublished":"2022-06-13T13:24:23+00:00","dateModified":"2022-06-21T14:07:36+00:00","mainEntityOfPage":{"@id":"https:\/\/ppr-antibioresistance.inserm.fr\/en\/informations-et-communications\/evenements-colloques\/antibioresistance-7-academies-a-la-chasse-aux-microbes-seance-a-lacademie-dagriculture-15-juin-2022-9h-a-17h15-a-paris-avec-retransmission-sur-youtube\/"},"wordCount":132,"publisher":{"@id":"https:\/\/ppr-antibioresistance.inserm.fr\/en\/#organization"},"image":{"@id":"https:\/\/ppr-antibioresistance.inserm.fr\/en\/informations-et-communications\/evenements-colloques\/antibioresistance-7-academies-a-la-chasse-aux-microbes-seance-a-lacademie-dagriculture-15-juin-2022-9h-a-17h15-a-paris-avec-retransmission-sur-youtube\/#primaryimage"},"thumbnailUrl":"https:\/\/ppr-antibioresistance.inserm.fr\/wp-content\/uploads\/2022\/06\/Mosaique.png","articleSection":["Ev\u00e8nements &amp; Colloques"],"inLanguage":"en-GB"},{"@type":["WebPage","ItemPage"],"@id":"https:\/\/ppr-antibioresistance.inserm.fr\/en\/informations-et-communications\/evenements-colloques\/antibioresistance-7-academies-a-la-chasse-aux-microbes-seance-a-lacademie-dagriculture-15-juin-2022-9h-a-17h15-a-paris-avec-retransmission-sur-youtube\/","url":"https:\/\/ppr-antibioresistance.inserm.fr\/en\/informations-et-communications\/evenements-colloques\/antibioresistance-7-academies-a-la-chasse-aux-microbes-seance-a-lacademie-dagriculture-15-juin-2022-9h-a-17h15-a-paris-avec-retransmission-sur-youtube\/","name":"Antibior\u00e9sistance : 7 acad\u00e9mies \u00e0 la chasse aux microbes, s\u00e9ance \u00e0 l'acad\u00e9mie d'agriculture, 15 juin 2022, 9h \u00e0 17h15, \u00e0 Paris, avec retransmission sur Youtube - French\u00a0National ANTIBIOTIC RESISTANCE Portal","isPartOf":{"@id":"https:\/\/ppr-antibioresistance.inserm.fr\/en\/#website"},"primaryImageOfPage":{"@id":"https:\/\/ppr-antibioresistance.inserm.fr\/en\/informations-et-communications\/evenements-colloques\/antibioresistance-7-academies-a-la-chasse-aux-microbes-seance-a-lacademie-dagriculture-15-juin-2022-9h-a-17h15-a-paris-avec-retransmission-sur-youtube\/#primaryimage"},"image":{"@id":"https:\/\/ppr-antibioresistance.inserm.fr\/en\/informations-et-communications\/evenements-colloques\/antibioresistance-7-academies-a-la-chasse-aux-microbes-seance-a-lacademie-dagriculture-15-juin-2022-9h-a-17h15-a-paris-avec-retransmission-sur-youtube\/#primaryimage"},"thumbnailUrl":"https:\/\/ppr-antibioresistance.inserm.fr\/wp-content\/uploads\/2022\/06\/Mosaique.png","datePublished":"2022-06-13T13:24:23+00:00","dateModified":"2022-06-21T14:07:36+00:00","description":"Informations, \u00e9v\u00e8nements et actualit\u00e9s autour de l'Antibior\u00e9sistance en France et \u00e0 l'international.","breadcrumb":{"@id":"https:\/\/ppr-antibioresistance.inserm.fr\/en\/informations-et-communications\/evenements-colloques\/antibioresistance-7-academies-a-la-chasse-aux-microbes-seance-a-lacademie-dagriculture-15-juin-2022-9h-a-17h15-a-paris-avec-retransmission-sur-youtube\/#breadcrumb"},"inLanguage":"en-GB","potentialAction":[{"@type":"ReadAction","target":["https:\/\/ppr-antibioresistance.inserm.fr\/en\/informations-et-communications\/evenements-colloques\/antibioresistance-7-academies-a-la-chasse-aux-microbes-seance-a-lacademie-dagriculture-15-juin-2022-9h-a-17h15-a-paris-avec-retransmission-sur-youtube\/"]}]},{"@type":"ImageObject","inLanguage":"en-GB","@id":"https:\/\/ppr-antibioresistance.inserm.fr\/en\/informations-et-communications\/evenements-colloques\/antibioresistance-7-academies-a-la-chasse-aux-microbes-seance-a-lacademie-dagriculture-15-juin-2022-9h-a-17h15-a-paris-avec-retransmission-sur-youtube\/#primaryimage","url":"https:\/\/ppr-antibioresistance.inserm.fr\/wp-content\/uploads\/2022\/06\/Mosaique.png","contentUrl":"https:\/\/ppr-antibioresistance.inserm.fr\/wp-content\/uploads\/2022\/06\/Mosaique.png","width":861,"height":536,"caption":"Cr\u00e9dit : Pixabay"},{"@type":"BreadcrumbList","@id":"https:\/\/ppr-antibioresistance.inserm.fr\/en\/informations-et-communications\/evenements-colloques\/antibioresistance-7-academies-a-la-chasse-aux-microbes-seance-a-lacademie-dagriculture-15-juin-2022-9h-a-17h15-a-paris-avec-retransmission-sur-youtube\/#breadcrumb","itemListElement":[{"@type":"ListItem","position":1,"name":"Home","item":"https:\/\/ppr-antibioresistance.inserm.fr\/en\/"},{"@type":"ListItem","position":2,"name":"Practical info &amp; communications","item":"https:\/\/ppr-antibioresistance.inserm.fr\/en\/info-communication\/"},{"@type":"ListItem","position":3,"name":"Events &amp; Conferences","item":"https:\/\/ppr-antibioresistance.inserm.fr\/en\/info-communication\/events-conferences\/"},{"@type":"ListItem","position":4,"name":"Antibior\u00e9sistance : 7 acad\u00e9mies \u00e0 la chasse aux microbes, s\u00e9ance \u00e0 l\u2019acad\u00e9mie d\u2019agriculture, 15 juin 2022, 9h \u00e0 17h15, \u00e0 Paris, avec retransmission sur Youtube"}]},{"@type":"WebSite","@id":"https:\/\/ppr-antibioresistance.inserm.fr\/en\/#website","url":"https:\/\/ppr-antibioresistance.inserm.fr\/en\/","name":"French\u00a0National ANTIBIOTIC RESISTANCE Portal","description":"INSERM - From science to health","publisher":{"@id":"https:\/\/ppr-antibioresistance.inserm.fr\/en\/#organization"},"potentialAction":[{"@type":"SearchAction","target":{"@type":"EntryPoint","urlTemplate":"https:\/\/ppr-antibioresistance.inserm.fr\/en\/?s={search_term_string}"},"query-input":"required name=search_term_string"}],"inLanguage":"en-GB"},{"@type":"Organization","@id":"https:\/\/ppr-antibioresistance.inserm.fr\/en\/#organization","name":"Inserm","url":"https:\/\/ppr-antibioresistance.inserm.fr\/en\/","logo":{"@type":"ImageObject","inLanguage":"en-GB","@id":"https:\/\/ppr-antibioresistance.inserm.fr\/en\/#\/schema\/logo\/image\/","url":"https:\/\/ppr-antibioresistance.inserm.fr\/wp-content\/uploads\/2020\/05\/logo-inserm-ppra.svg","contentUrl":"https:\/\/ppr-antibioresistance.inserm.fr\/wp-content\/uploads\/2020\/05\/logo-inserm-ppra.svg","width":1,"height":1,"caption":"Inserm"},"image":{"@id":"https:\/\/ppr-antibioresistance.inserm.fr\/en\/#\/schema\/logo\/image\/"}},{"@type":"Person","@id":"https:\/\/ppr-antibioresistance.inserm.fr\/en\/#\/schema\/person\/6ae79ca06cbeaec66ef5e976b54606b3","name":"\u00c9milie Noguez"}]}},"publishpress_future_action":{"enabled":false,"date":"2026-05-04 11:07:39","action":"change-status","newStatus":"private","terms":[],"taxonomy":"category"},"post_mailing_queue_ids":[],"_links":{"self":[{"href":"https:\/\/ppr-antibioresistance.inserm.fr\/en\/wp-json\/wp\/v2\/posts\/25103"}],"collection":[{"href":"https:\/\/ppr-antibioresistance.inserm.fr\/en\/wp-json\/wp\/v2\/posts"}],"about":[{"href":"https:\/\/ppr-antibioresistance.inserm.fr\/en\/wp-json\/wp\/v2\/types\/post"}],"author":[{"embeddable":true,"href":"https:\/\/ppr-antibioresistance.inserm.fr\/en\/wp-json\/wp\/v2\/users\/139"}],"replies":[{"embeddable":true,"href":"https:\/\/ppr-antibioresistance.inserm.fr\/en\/wp-json\/wp\/v2\/comments?post=25103"}],"version-history":[{"count":7,"href":"https:\/\/ppr-antibioresistance.inserm.fr\/en\/wp-json\/wp\/v2\/posts\/25103\/revisions"}],"predecessor-version":[{"id":25361,"href":"https:\/\/ppr-antibioresistance.inserm.fr\/en\/wp-json\/wp\/v2\/posts\/25103\/revisions\/25361"}],"wp:featuredmedia":[{"embeddable":true,"href":"https:\/\/ppr-antibioresistance.inserm.fr\/en\/wp-json\/wp\/v2\/media\/25109"}],"wp:attachment":[{"href":"https:\/\/ppr-antibioresistance.inserm.fr\/en\/wp-json\/wp\/v2\/media?parent=25103"}],"wp:term":[{"taxonomy":"category","embeddable":true,"href":"https:\/\/ppr-antibioresistance.inserm.fr\/en\/wp-json\/wp\/v2\/categories?post=25103"},{"taxonomy":"post_tag","embeddable":true,"href":"https:\/\/ppr-antibioresistance.inserm.fr\/en\/wp-json\/wp\/v2\/tags?post=25103"}],"curies":[{"name":"wp","href":"https:\/\/api.w.org\/{rel}","templated":true}]}}