{"id":23939,"date":"2022-05-09T18:15:13","date_gmt":"2022-05-09T17:15:13","guid":{"rendered":"https:\/\/ppr-antibioresistance.inserm.fr\/?p=23939"},"modified":"2022-05-09T18:15:18","modified_gmt":"2022-05-09T17:15:18","slug":"ebaii-11eme-ecole-de-bioinformatique-aviesan-ifb-inserm","status":"publish","type":"post","link":"https:\/\/ppr-antibioresistance.inserm.fr\/en\/info-communication\/calls-for-projects\/ebaii-11eme-ecole-de-bioinformatique-aviesan-ifb-inserm\/","title":{"rendered":"EBAii \/ 11\u00e8me \u00e9cole de bioinformatique AVIESAN &#8211; IFB &#8211; INSERM"},"content":{"rendered":"\n<p><strong>Initiation au traitement des donn\u00e9es de g\u00e9nomique obtenues par s\u00e9quen\u00e7age \u00e0 haut d\u00e9bit<\/strong><\/p>\n\n\n\n<p><em><strong>Bulk<\/strong>&nbsp;<strong>RNA-seq, ChIP-seq\/ATAC-seq, variants DNA-seq<\/strong>,&nbsp;<strong>single-cell RNA-Seq, n<\/strong>iveau 1.<\/em><\/p>\n\n\n\n<h3 class=\"wp-block-heading\"><strong>Objectifs<\/strong><\/h3>\n\n\n\n<p>La formation s\u2019adresse \u00e0 des biologistes directement impliqu\u00e9s dans des projets \u201c<strong>Next Generation Sequencing<\/strong>\u201d (NGS). <\/p>\n\n\n\n<p><a href=\"https:\/\/www.france-bioinformatique.fr\/formation\/ebaii-2022-n1\/\" target=\"_blank\" rel=\"noreferrer noopener\">Cette \u00e9dition de l\u2019\u00e9cole<\/a> aborde les nouveaux enjeux technologiques: elle s\u2019articulera autour de trois ateliers th\u00e9matiques en session parall\u00e8le (<strong>bulk<\/strong>\u00a0<strong>RNA-seq, ChIP-seq\/ATAC-seq, variants DNA-seq<\/strong>), auxquels nous ajoutons un nouvel atelier,\u00a0<strong>single-cell RNA-Seq<\/strong>, qui abordera les premi\u00e8res \u00e9tapes de l&#8217;analyse. L&#8217;\u00e9cole inclura \u00e9galement une introduction aux technologies \u201c<strong>long reads<\/strong>\u201d.<\/p>\n\n\n\n<p>L\u2019\u00e9cole vise \u00e0 introduire les concepts et \u00e0 manipuler les outils informatiques et \u00e0 en interpr\u00e9ter les r\u00e9sultats. Elle est bas\u00e9e sur une alternance de courtes sessions th\u00e9oriques et d\u2019ateliers pratiques. Les participants b\u00e9n\u00e9ficieront d\u2019un tutorat personnalis\u00e9 pour \u00e9laborer leur plan d\u2019analyse, et effectuer les premi\u00e8res \u00e9tapes de traitement de leurs propres donn\u00e9es ou de celles de leur plateforme.<\/p>\n\n\n\n<p>Attention : le tutorat n&#8217;a pas pour vocation de r\u00e9aliser l\u2019analyse compl\u00e8te des donn\u00e9es des participants.<\/p>\n\n\n\n<h3 class=\"wp-block-heading\"><strong>Dur\u00e9e<\/strong><\/h3>\n\n\n\n<p>La formation se tiendra du 13 au 18 novembre 2022<\/p>\n\n\n\n<h3 class=\"wp-block-heading\"><strong>Langue<\/strong><\/h3>\n\n\n\n<p>Les cours seront prodigu\u00e9s uniquement en fran\u00e7ais.<\/p>\n\n\n\n<h3 class=\"wp-block-heading\"><strong>Environnement de travail<\/strong><\/h3>\n\n\n\n<p>L\u2019ensemble de la formation reposera sur l\u2019utilisation de commandes en ligne (terminal Linux) et du langage R.<\/p>\n\n\n\n<p><\/p>\n\n\n\n<h3 class=\"wp-block-heading\"><strong>Pr\u00e9requis<\/strong><\/h3>\n\n\n\n<p>Aucune connaissance pr\u00e9alable des environnements Linux ou R n\u2019est requise, mais il sera demand\u00e9 aux participants de suivre une autoformation en ligne en amont, pour faciliter la prise en main de ces langages. La formation approfondira progressivement l\u2019usage de ces environnements au fil des sessions th\u00e9matiques.<\/p>\n\n\n\n<h3 class=\"wp-block-heading\"><strong>Modalit\u00e9s d\u2019inscription<\/strong><\/h3>\n\n\n\n<p>Date limite de pr\u00e9-inscription : 31 mai 2022 (s\u00e9lection des participants : mi-juin 2022). Chaque ann\u00e9e la demande d\u00e9passe de loin notre capacit\u00e9 d\u2019accueil (40 places), le comit\u00e9 d\u2019organisation s\u00e9lectionnera les participants d\u2019apr\u00e8s les informations renseign\u00e9es dans le formulaire d\u2019inscription. Le degr\u00e9 de maturit\u00e9 du projet scientifique impliquant l\u2019analyse de donn\u00e9es de s\u00e9quen\u00e7age sera un des crit\u00e8res d\u2019\u00e9valuation.<\/p>\n\n\n\n<h3 class=\"wp-block-heading\">Renseignements<\/h3>\n\n\n\n<p><a href=\"mailto:ecole-bioinfo@aviesan.fr\" target=\"_blank\" rel=\"noreferrer noopener\">ecole-bioinfo@aviesan.fr<\/a><\/p>\n\n\n\n<h3 class=\"wp-block-heading\">Inscription<\/h3>\n\n\n\n<p><a href=\"https:\/\/sondages.inrae.fr\/index.php\/42796?lang=fr\" target=\"_blank\" rel=\"noreferrer noopener\">https:\/\/sondages.inrae.fr\/index.php\/42796?lang=fr<\/a><\/p>\n\n\n\n<h3 class=\"wp-block-heading\">Plaquette<\/h3>\n\n\n\n<p>Lien vers la&nbsp;<a href=\"https:\/\/docs.google.com\/document\/d\/1sW_-XCtp8S1DZazzia989GDQhoqsd7sKiSw1Hi1MbWo\/edit?usp=sharing\" rel=\"noreferrer noopener\" target=\"_blank\">plaquette<\/a>.<\/p>\n\n\n\n<h3 class=\"wp-block-heading\">Frais d\u2019inscription<\/h3>\n\n\n\n<p>1000\u20ac HT pour les acad\u00e9miques et EPIC; 2500\u20ac HT pour les industriels. L\u2019h\u00e9bergement et la restauration sont inclus.<\/p>\n\n\n\n<h3 class=\"wp-block-heading\">Coordination scientifique<\/h3>\n\n\n\n<p>Erwan Corre (CNRS), Jacques van Helden (IFB), Matthias Zytnicki (INRAE), Rachel Legendre (Institut Pasteur).<\/p>\n\n\n\n<h3 class=\"wp-block-heading\">Formateurs et tuteurs<\/h3>\n\n\n\n<p>Une trentaine de formateurs et tuteurs provenant des organismes et universit\u00e9s suivants: CNRS, INRAE, Inserm, Institut Curie, Institut Pasteur, Institut Gustave Roussy, ENS, Aix-Marseille Universit\u00e9, Sorbonne Universit\u00e9, Universit\u00e9 de Lille. Avec le soutien de l\u2019Institut Fran\u00e7ais de Bioinformatique (IFB) et d&#8217;AVIESAN (Alliance Nationale pour les Sciences de la Vie et de la Sant\u00e9).<\/p>\n\n\n\n<h3 class=\"wp-block-heading\">Plateformes<\/h3>\n\n\n\n<p>IFB core (Evry), ABiMS (CNRS\/Sorbonne Universit\u00e9, Roscoff), IGBMC (CNRS Strasbourg), Migale (INRA Jouy en Josas).<\/p>\n\n\n\n<h3 class=\"wp-block-heading\">Gestion<\/h3>\n\n\n\n<p>Aviesan ITMO GGB, Inserm, IFB.<\/p>\n\n\n\n<p>Num\u00e9ro de d\u00e9claration de l\u2019Inserm &#8211; organisme de formation : 11754553375<\/p>\n\n\n\n<p>Ins<strong>criptions<\/strong><\/p>\n\n\n\n<p>Du 13-11-2022 au 18-11-2022 \u00e0 la Station biologique de Roscoff<\/p>\n\n\n\n<p>Date limite d&#8217;inscription: 31-05-2022<\/p>\n\n\n\n<p>Plus<a href=\"https:\/\/www.france-bioinformatique.fr\/formation\/ebaii-2022-n1\/\" target=\"_blank\" rel=\"noreferrer noopener\"> sur ce lien<\/a><\/p>\n","protected":false},"excerpt":{"rendered":"<p>Initiation au traitement des donn\u00e9es de g\u00e9nomique obtenues par s\u00e9quen\u00e7age \u00e0 haut d\u00e9bit Bulk&nbsp;RNA-seq, ChIP-seq\/ATAC-seq, variants DNA-seq,&nbsp;single-cell RNA-Seq, niveau 1. Objectifs La formation s\u2019adresse \u00e0 des biologistes directement impliqu\u00e9s dans des projets \u201cNext Generation Sequencing\u201d (NGS). Cette \u00e9dition de l\u2019\u00e9cole aborde les nouveaux enjeux technologiques: elle s\u2019articulera autour de trois ateliers th\u00e9matiques en session parall\u00e8le [&hellip;]<\/p>\n","protected":false},"author":139,"featured_media":23945,"comment_status":"closed","ping_status":"open","sticky":false,"template":"","format":"standard","meta":{"footnotes":"","_links_to":"","_links_to_target":""},"categories":[59],"tags":[],"acf":[],"yoast_head":"<!-- This site is optimized with the Yoast SEO plugin v22.8 - https:\/\/yoast.com\/wordpress\/plugins\/seo\/ -->\n<title>EBAii \/ 11\u00e8me \u00e9cole de bioinformatique AVIESAN - IFB - INSERM - French\u00a0National ANTIBIOTIC RESISTANCE Portal<\/title>\n<meta name=\"description\" content=\"Informations, \u00e9v\u00e8nements et actualit\u00e9s autour de l&#039;Antibior\u00e9sistance en France et \u00e0 l&#039;international.\" \/>\n<meta name=\"robots\" content=\"index, follow, max-snippet:-1, max-image-preview:large, max-video-preview:-1\" \/>\n<link rel=\"canonical\" href=\"https:\/\/ppr-antibioresistance.inserm.fr\/en\/info-communication\/calls-for-projects\/ebaii-11eme-ecole-de-bioinformatique-aviesan-ifb-inserm\/\" \/>\n<meta property=\"og:locale\" content=\"en_GB\" \/>\n<meta property=\"og:type\" content=\"article\" \/>\n<meta property=\"og:title\" content=\"EBAii \/ 11\u00e8me \u00e9cole de bioinformatique AVIESAN - IFB - INSERM - French\u00a0National ANTIBIOTIC RESISTANCE Portal\" \/>\n<meta property=\"og:description\" content=\"Informations, \u00e9v\u00e8nements et actualit\u00e9s autour de l&#039;Antibior\u00e9sistance en France et \u00e0 l&#039;international.\" \/>\n<meta property=\"og:url\" content=\"https:\/\/ppr-antibioresistance.inserm.fr\/en\/info-communication\/calls-for-projects\/ebaii-11eme-ecole-de-bioinformatique-aviesan-ifb-inserm\/\" \/>\n<meta property=\"og:site_name\" content=\"French\u00a0National ANTIBIOTIC RESISTANCE Portal\" \/>\n<meta property=\"article:published_time\" content=\"2022-05-09T17:15:13+00:00\" \/>\n<meta property=\"article:modified_time\" content=\"2022-05-09T17:15:18+00:00\" \/>\n<meta property=\"og:image\" content=\"https:\/\/ppr-antibioresistance.inserm.fr\/wp-content\/uploads\/2022\/05\/Sequenceur.jpg\" \/>\n\t<meta property=\"og:image:width\" content=\"916\" \/>\n\t<meta property=\"og:image:height\" content=\"575\" \/>\n\t<meta property=\"og:image:type\" content=\"image\/jpeg\" \/>\n<meta name=\"author\" content=\"\u00c9milie Noguez\" \/>\n<meta name=\"twitter:card\" content=\"summary_large_image\" \/>\n<meta name=\"twitter:label1\" content=\"Written by\" \/>\n\t<meta name=\"twitter:data1\" content=\"\u00c9milie Noguez\" \/>\n\t<meta name=\"twitter:label2\" content=\"Estimated reading time\" \/>\n\t<meta name=\"twitter:data2\" content=\"3 minutes\" \/>\n<script type=\"application\/ld+json\" class=\"yoast-schema-graph\">{\"@context\":\"https:\/\/schema.org\",\"@graph\":[{\"@type\":\"NewsArticle\",\"@id\":\"https:\/\/ppr-antibioresistance.inserm.fr\/en\/info-communication\/calls-for-projects\/ebaii-11eme-ecole-de-bioinformatique-aviesan-ifb-inserm\/#article\",\"isPartOf\":{\"@id\":\"https:\/\/ppr-antibioresistance.inserm.fr\/en\/info-communication\/calls-for-projects\/ebaii-11eme-ecole-de-bioinformatique-aviesan-ifb-inserm\/\"},\"author\":{\"name\":\"\u00c9milie Noguez\",\"@id\":\"https:\/\/ppr-antibioresistance.inserm.fr\/en\/#\/schema\/person\/6ae79ca06cbeaec66ef5e976b54606b3\"},\"headline\":\"EBAii \/ 11\u00e8me \u00e9cole de bioinformatique AVIESAN &#8211; IFB &#8211; INSERM\",\"datePublished\":\"2022-05-09T17:15:13+00:00\",\"dateModified\":\"2022-05-09T17:15:18+00:00\",\"mainEntityOfPage\":{\"@id\":\"https:\/\/ppr-antibioresistance.inserm.fr\/en\/info-communication\/calls-for-projects\/ebaii-11eme-ecole-de-bioinformatique-aviesan-ifb-inserm\/\"},\"wordCount\":535,\"publisher\":{\"@id\":\"https:\/\/ppr-antibioresistance.inserm.fr\/en\/#organization\"},\"image\":{\"@id\":\"https:\/\/ppr-antibioresistance.inserm.fr\/en\/info-communication\/calls-for-projects\/ebaii-11eme-ecole-de-bioinformatique-aviesan-ifb-inserm\/#primaryimage\"},\"thumbnailUrl\":\"https:\/\/ppr-antibioresistance.inserm.fr\/wp-content\/uploads\/2022\/05\/Sequenceur.jpg\",\"articleSection\":[\"Calls for projects\"],\"inLanguage\":\"en-GB\"},{\"@type\":[\"WebPage\",\"ItemPage\"],\"@id\":\"https:\/\/ppr-antibioresistance.inserm.fr\/en\/info-communication\/calls-for-projects\/ebaii-11eme-ecole-de-bioinformatique-aviesan-ifb-inserm\/\",\"url\":\"https:\/\/ppr-antibioresistance.inserm.fr\/en\/info-communication\/calls-for-projects\/ebaii-11eme-ecole-de-bioinformatique-aviesan-ifb-inserm\/\",\"name\":\"EBAii \/ 11\u00e8me \u00e9cole de bioinformatique AVIESAN - IFB - INSERM - French\u00a0National ANTIBIOTIC RESISTANCE Portal\",\"isPartOf\":{\"@id\":\"https:\/\/ppr-antibioresistance.inserm.fr\/en\/#website\"},\"primaryImageOfPage\":{\"@id\":\"https:\/\/ppr-antibioresistance.inserm.fr\/en\/info-communication\/calls-for-projects\/ebaii-11eme-ecole-de-bioinformatique-aviesan-ifb-inserm\/#primaryimage\"},\"image\":{\"@id\":\"https:\/\/ppr-antibioresistance.inserm.fr\/en\/info-communication\/calls-for-projects\/ebaii-11eme-ecole-de-bioinformatique-aviesan-ifb-inserm\/#primaryimage\"},\"thumbnailUrl\":\"https:\/\/ppr-antibioresistance.inserm.fr\/wp-content\/uploads\/2022\/05\/Sequenceur.jpg\",\"datePublished\":\"2022-05-09T17:15:13+00:00\",\"dateModified\":\"2022-05-09T17:15:18+00:00\",\"description\":\"Informations, \u00e9v\u00e8nements et actualit\u00e9s autour de l'Antibior\u00e9sistance en France et \u00e0 l'international.\",\"breadcrumb\":{\"@id\":\"https:\/\/ppr-antibioresistance.inserm.fr\/en\/info-communication\/calls-for-projects\/ebaii-11eme-ecole-de-bioinformatique-aviesan-ifb-inserm\/#breadcrumb\"},\"inLanguage\":\"en-GB\",\"potentialAction\":[{\"@type\":\"ReadAction\",\"target\":[\"https:\/\/ppr-antibioresistance.inserm.fr\/en\/info-communication\/calls-for-projects\/ebaii-11eme-ecole-de-bioinformatique-aviesan-ifb-inserm\/\"]}]},{\"@type\":\"ImageObject\",\"inLanguage\":\"en-GB\",\"@id\":\"https:\/\/ppr-antibioresistance.inserm.fr\/en\/info-communication\/calls-for-projects\/ebaii-11eme-ecole-de-bioinformatique-aviesan-ifb-inserm\/#primaryimage\",\"url\":\"https:\/\/ppr-antibioresistance.inserm.fr\/wp-content\/uploads\/2022\/05\/Sequenceur.jpg\",\"contentUrl\":\"https:\/\/ppr-antibioresistance.inserm.fr\/wp-content\/uploads\/2022\/05\/Sequenceur.jpg\",\"width\":916,\"height\":575},{\"@type\":\"BreadcrumbList\",\"@id\":\"https:\/\/ppr-antibioresistance.inserm.fr\/en\/info-communication\/calls-for-projects\/ebaii-11eme-ecole-de-bioinformatique-aviesan-ifb-inserm\/#breadcrumb\",\"itemListElement\":[{\"@type\":\"ListItem\",\"position\":1,\"name\":\"Home\",\"item\":\"https:\/\/ppr-antibioresistance.inserm.fr\/en\/\"},{\"@type\":\"ListItem\",\"position\":2,\"name\":\"Practical info &amp; communications\",\"item\":\"https:\/\/ppr-antibioresistance.inserm.fr\/en\/info-communication\/\"},{\"@type\":\"ListItem\",\"position\":3,\"name\":\"Calls for projects\",\"item\":\"https:\/\/ppr-antibioresistance.inserm.fr\/en\/info-communication\/calls-for-projects\/\"},{\"@type\":\"ListItem\",\"position\":4,\"name\":\"EBAii \/ 11\u00e8me \u00e9cole de bioinformatique AVIESAN \u2013 IFB \u2013 INSERM\"}]},{\"@type\":\"WebSite\",\"@id\":\"https:\/\/ppr-antibioresistance.inserm.fr\/en\/#website\",\"url\":\"https:\/\/ppr-antibioresistance.inserm.fr\/en\/\",\"name\":\"French\u00a0National ANTIBIOTIC RESISTANCE Portal\",\"description\":\"INSERM - From science to health\",\"publisher\":{\"@id\":\"https:\/\/ppr-antibioresistance.inserm.fr\/en\/#organization\"},\"potentialAction\":[{\"@type\":\"SearchAction\",\"target\":{\"@type\":\"EntryPoint\",\"urlTemplate\":\"https:\/\/ppr-antibioresistance.inserm.fr\/en\/?s={search_term_string}\"},\"query-input\":\"required name=search_term_string\"}],\"inLanguage\":\"en-GB\"},{\"@type\":\"Organization\",\"@id\":\"https:\/\/ppr-antibioresistance.inserm.fr\/en\/#organization\",\"name\":\"Inserm\",\"url\":\"https:\/\/ppr-antibioresistance.inserm.fr\/en\/\",\"logo\":{\"@type\":\"ImageObject\",\"inLanguage\":\"en-GB\",\"@id\":\"https:\/\/ppr-antibioresistance.inserm.fr\/en\/#\/schema\/logo\/image\/\",\"url\":\"https:\/\/ppr-antibioresistance.inserm.fr\/wp-content\/uploads\/2020\/05\/logo-inserm-ppra.svg\",\"contentUrl\":\"https:\/\/ppr-antibioresistance.inserm.fr\/wp-content\/uploads\/2020\/05\/logo-inserm-ppra.svg\",\"width\":1,\"height\":1,\"caption\":\"Inserm\"},\"image\":{\"@id\":\"https:\/\/ppr-antibioresistance.inserm.fr\/en\/#\/schema\/logo\/image\/\"}},{\"@type\":\"Person\",\"@id\":\"https:\/\/ppr-antibioresistance.inserm.fr\/en\/#\/schema\/person\/6ae79ca06cbeaec66ef5e976b54606b3\",\"name\":\"\u00c9milie Noguez\"}]}<\/script>\n<!-- \/ Yoast SEO plugin. -->","yoast_head_json":{"title":"EBAii \/ 11\u00e8me \u00e9cole de bioinformatique AVIESAN - IFB - INSERM - French\u00a0National ANTIBIOTIC RESISTANCE Portal","description":"Informations, \u00e9v\u00e8nements et actualit\u00e9s autour de l'Antibior\u00e9sistance en France et \u00e0 l'international.","robots":{"index":"index","follow":"follow","max-snippet":"max-snippet:-1","max-image-preview":"max-image-preview:large","max-video-preview":"max-video-preview:-1"},"canonical":"https:\/\/ppr-antibioresistance.inserm.fr\/en\/info-communication\/calls-for-projects\/ebaii-11eme-ecole-de-bioinformatique-aviesan-ifb-inserm\/","og_locale":"en_GB","og_type":"article","og_title":"EBAii \/ 11\u00e8me \u00e9cole de bioinformatique AVIESAN - IFB - INSERM - French\u00a0National ANTIBIOTIC RESISTANCE Portal","og_description":"Informations, \u00e9v\u00e8nements et actualit\u00e9s autour de l'Antibior\u00e9sistance en France et \u00e0 l'international.","og_url":"https:\/\/ppr-antibioresistance.inserm.fr\/en\/info-communication\/calls-for-projects\/ebaii-11eme-ecole-de-bioinformatique-aviesan-ifb-inserm\/","og_site_name":"French\u00a0National ANTIBIOTIC RESISTANCE Portal","article_published_time":"2022-05-09T17:15:13+00:00","article_modified_time":"2022-05-09T17:15:18+00:00","og_image":[{"width":916,"height":575,"url":"https:\/\/ppr-antibioresistance.inserm.fr\/wp-content\/uploads\/2022\/05\/Sequenceur.jpg","type":"image\/jpeg"}],"author":"\u00c9milie Noguez","twitter_card":"summary_large_image","twitter_misc":{"Written by":"\u00c9milie Noguez","Estimated reading time":"3 minutes"},"schema":{"@context":"https:\/\/schema.org","@graph":[{"@type":"NewsArticle","@id":"https:\/\/ppr-antibioresistance.inserm.fr\/en\/info-communication\/calls-for-projects\/ebaii-11eme-ecole-de-bioinformatique-aviesan-ifb-inserm\/#article","isPartOf":{"@id":"https:\/\/ppr-antibioresistance.inserm.fr\/en\/info-communication\/calls-for-projects\/ebaii-11eme-ecole-de-bioinformatique-aviesan-ifb-inserm\/"},"author":{"name":"\u00c9milie Noguez","@id":"https:\/\/ppr-antibioresistance.inserm.fr\/en\/#\/schema\/person\/6ae79ca06cbeaec66ef5e976b54606b3"},"headline":"EBAii \/ 11\u00e8me \u00e9cole de bioinformatique AVIESAN &#8211; IFB &#8211; INSERM","datePublished":"2022-05-09T17:15:13+00:00","dateModified":"2022-05-09T17:15:18+00:00","mainEntityOfPage":{"@id":"https:\/\/ppr-antibioresistance.inserm.fr\/en\/info-communication\/calls-for-projects\/ebaii-11eme-ecole-de-bioinformatique-aviesan-ifb-inserm\/"},"wordCount":535,"publisher":{"@id":"https:\/\/ppr-antibioresistance.inserm.fr\/en\/#organization"},"image":{"@id":"https:\/\/ppr-antibioresistance.inserm.fr\/en\/info-communication\/calls-for-projects\/ebaii-11eme-ecole-de-bioinformatique-aviesan-ifb-inserm\/#primaryimage"},"thumbnailUrl":"https:\/\/ppr-antibioresistance.inserm.fr\/wp-content\/uploads\/2022\/05\/Sequenceur.jpg","articleSection":["Calls for projects"],"inLanguage":"en-GB"},{"@type":["WebPage","ItemPage"],"@id":"https:\/\/ppr-antibioresistance.inserm.fr\/en\/info-communication\/calls-for-projects\/ebaii-11eme-ecole-de-bioinformatique-aviesan-ifb-inserm\/","url":"https:\/\/ppr-antibioresistance.inserm.fr\/en\/info-communication\/calls-for-projects\/ebaii-11eme-ecole-de-bioinformatique-aviesan-ifb-inserm\/","name":"EBAii \/ 11\u00e8me \u00e9cole de bioinformatique AVIESAN - IFB - INSERM - French\u00a0National ANTIBIOTIC RESISTANCE Portal","isPartOf":{"@id":"https:\/\/ppr-antibioresistance.inserm.fr\/en\/#website"},"primaryImageOfPage":{"@id":"https:\/\/ppr-antibioresistance.inserm.fr\/en\/info-communication\/calls-for-projects\/ebaii-11eme-ecole-de-bioinformatique-aviesan-ifb-inserm\/#primaryimage"},"image":{"@id":"https:\/\/ppr-antibioresistance.inserm.fr\/en\/info-communication\/calls-for-projects\/ebaii-11eme-ecole-de-bioinformatique-aviesan-ifb-inserm\/#primaryimage"},"thumbnailUrl":"https:\/\/ppr-antibioresistance.inserm.fr\/wp-content\/uploads\/2022\/05\/Sequenceur.jpg","datePublished":"2022-05-09T17:15:13+00:00","dateModified":"2022-05-09T17:15:18+00:00","description":"Informations, \u00e9v\u00e8nements et actualit\u00e9s autour de l'Antibior\u00e9sistance en France et \u00e0 l'international.","breadcrumb":{"@id":"https:\/\/ppr-antibioresistance.inserm.fr\/en\/info-communication\/calls-for-projects\/ebaii-11eme-ecole-de-bioinformatique-aviesan-ifb-inserm\/#breadcrumb"},"inLanguage":"en-GB","potentialAction":[{"@type":"ReadAction","target":["https:\/\/ppr-antibioresistance.inserm.fr\/en\/info-communication\/calls-for-projects\/ebaii-11eme-ecole-de-bioinformatique-aviesan-ifb-inserm\/"]}]},{"@type":"ImageObject","inLanguage":"en-GB","@id":"https:\/\/ppr-antibioresistance.inserm.fr\/en\/info-communication\/calls-for-projects\/ebaii-11eme-ecole-de-bioinformatique-aviesan-ifb-inserm\/#primaryimage","url":"https:\/\/ppr-antibioresistance.inserm.fr\/wp-content\/uploads\/2022\/05\/Sequenceur.jpg","contentUrl":"https:\/\/ppr-antibioresistance.inserm.fr\/wp-content\/uploads\/2022\/05\/Sequenceur.jpg","width":916,"height":575},{"@type":"BreadcrumbList","@id":"https:\/\/ppr-antibioresistance.inserm.fr\/en\/info-communication\/calls-for-projects\/ebaii-11eme-ecole-de-bioinformatique-aviesan-ifb-inserm\/#breadcrumb","itemListElement":[{"@type":"ListItem","position":1,"name":"Home","item":"https:\/\/ppr-antibioresistance.inserm.fr\/en\/"},{"@type":"ListItem","position":2,"name":"Practical info &amp; communications","item":"https:\/\/ppr-antibioresistance.inserm.fr\/en\/info-communication\/"},{"@type":"ListItem","position":3,"name":"Calls for projects","item":"https:\/\/ppr-antibioresistance.inserm.fr\/en\/info-communication\/calls-for-projects\/"},{"@type":"ListItem","position":4,"name":"EBAii \/ 11\u00e8me \u00e9cole de bioinformatique AVIESAN \u2013 IFB \u2013 INSERM"}]},{"@type":"WebSite","@id":"https:\/\/ppr-antibioresistance.inserm.fr\/en\/#website","url":"https:\/\/ppr-antibioresistance.inserm.fr\/en\/","name":"French\u00a0National ANTIBIOTIC RESISTANCE Portal","description":"INSERM - From science to health","publisher":{"@id":"https:\/\/ppr-antibioresistance.inserm.fr\/en\/#organization"},"potentialAction":[{"@type":"SearchAction","target":{"@type":"EntryPoint","urlTemplate":"https:\/\/ppr-antibioresistance.inserm.fr\/en\/?s={search_term_string}"},"query-input":"required name=search_term_string"}],"inLanguage":"en-GB"},{"@type":"Organization","@id":"https:\/\/ppr-antibioresistance.inserm.fr\/en\/#organization","name":"Inserm","url":"https:\/\/ppr-antibioresistance.inserm.fr\/en\/","logo":{"@type":"ImageObject","inLanguage":"en-GB","@id":"https:\/\/ppr-antibioresistance.inserm.fr\/en\/#\/schema\/logo\/image\/","url":"https:\/\/ppr-antibioresistance.inserm.fr\/wp-content\/uploads\/2020\/05\/logo-inserm-ppra.svg","contentUrl":"https:\/\/ppr-antibioresistance.inserm.fr\/wp-content\/uploads\/2020\/05\/logo-inserm-ppra.svg","width":1,"height":1,"caption":"Inserm"},"image":{"@id":"https:\/\/ppr-antibioresistance.inserm.fr\/en\/#\/schema\/logo\/image\/"}},{"@type":"Person","@id":"https:\/\/ppr-antibioresistance.inserm.fr\/en\/#\/schema\/person\/6ae79ca06cbeaec66ef5e976b54606b3","name":"\u00c9milie Noguez"}]}},"publishpress_future_action":{"enabled":false,"date":"2026-05-03 19:19:24","action":"change-status","newStatus":"private","terms":[],"taxonomy":"category"},"post_mailing_queue_ids":[],"_links":{"self":[{"href":"https:\/\/ppr-antibioresistance.inserm.fr\/en\/wp-json\/wp\/v2\/posts\/23939"}],"collection":[{"href":"https:\/\/ppr-antibioresistance.inserm.fr\/en\/wp-json\/wp\/v2\/posts"}],"about":[{"href":"https:\/\/ppr-antibioresistance.inserm.fr\/en\/wp-json\/wp\/v2\/types\/post"}],"author":[{"embeddable":true,"href":"https:\/\/ppr-antibioresistance.inserm.fr\/en\/wp-json\/wp\/v2\/users\/139"}],"replies":[{"embeddable":true,"href":"https:\/\/ppr-antibioresistance.inserm.fr\/en\/wp-json\/wp\/v2\/comments?post=23939"}],"version-history":[{"count":8,"href":"https:\/\/ppr-antibioresistance.inserm.fr\/en\/wp-json\/wp\/v2\/posts\/23939\/revisions"}],"predecessor-version":[{"id":23959,"href":"https:\/\/ppr-antibioresistance.inserm.fr\/en\/wp-json\/wp\/v2\/posts\/23939\/revisions\/23959"}],"wp:featuredmedia":[{"embeddable":true,"href":"https:\/\/ppr-antibioresistance.inserm.fr\/en\/wp-json\/wp\/v2\/media\/23945"}],"wp:attachment":[{"href":"https:\/\/ppr-antibioresistance.inserm.fr\/en\/wp-json\/wp\/v2\/media?parent=23939"}],"wp:term":[{"taxonomy":"category","embeddable":true,"href":"https:\/\/ppr-antibioresistance.inserm.fr\/en\/wp-json\/wp\/v2\/categories?post=23939"},{"taxonomy":"post_tag","embeddable":true,"href":"https:\/\/ppr-antibioresistance.inserm.fr\/en\/wp-json\/wp\/v2\/tags?post=23939"}],"curies":[{"name":"wp","href":"https:\/\/api.w.org\/{rel}","templated":true}]}}