{"id":23571,"date":"2022-05-03T10:20:08","date_gmt":"2022-05-03T09:20:08","guid":{"rendered":"https:\/\/ppr-antibioresistance.inserm.fr\/?p=23571"},"modified":"2022-05-03T10:20:11","modified_gmt":"2022-05-03T09:20:11","slug":"emission-france-inter-dou-vient-la-resistance-aux-antibiotiques-du-25-avril-2022-34-minutes-avec-antoine-andremont-et-marie-cecile-ploy","status":"publish","type":"post","link":"https:\/\/ppr-antibioresistance.inserm.fr\/en\/informations-et-communications\/actualites\/emission-france-inter-dou-vient-la-resistance-aux-antibiotiques-du-25-avril-2022-34-minutes-avec-antoine-andremont-et-marie-cecile-ploy\/","title":{"rendered":"Emission France Inter : &#8220;D&#8217;o\u00f9 vient la r\u00e9sistance aux antibiotiques ?&#8221; du 25 avril 2022 (34 minutes), avec Antoine ANDREMONT et Marie-C\u00e9cile PLOY"},"content":{"rendered":"\n<p>La r\u00e9sistance aux antibiotiques &#8220;est une menace mondiale pour la sant\u00e9&#8221;, confirme les \u00e9tudes, surtout dans les pays \u00e0 revenu faible et interm\u00e9diaire, mais les pays riches ne sont pas non plus \u00e9pargn\u00e9s.<\/p>\n\n\n\n<p><strong>Les invit\u00e9s<\/strong><\/p>\n\n\n\n<ul><li><a href=\"https:\/\/www.franceinter.fr\/personnes\/antoine-andremont\" target=\"_blank\" rel=\"noreferrer noopener\">Antoine Andremont<\/a>, Professeur \u00e9m\u00e9rite de m\u00e9decine \u00e0 l\u2019Universit\u00e9 de Paris sp\u00e9cialiste de la r\u00e9sistance aux antibiotiques, microbiologiste et p\u00e9diatre de formation<\/li><li><a href=\"https:\/\/www.franceinter.fr\/personnes\/marie-cecile-ploy\" target=\"_blank\" rel=\"noreferrer noopener\">Marie-C\u00e9cile Ploy<\/a>, Microbiologiste au CHU de limoges \u2013 directrice d\u2019une unit\u00e9 de recherche Inserm sur la r\u00e9sistance aux antimicrobiens &#8211; Professeur en Microbiologie \u00e0 l\u2019Universit\u00e9 de Limoges.<\/li><\/ul>\n\n\n\n<p>Ecouter l&#8217;\u00e9mission <a href=\"https:\/\/www.franceinter.fr\/emissions\/sciences-et-ecologie\/d-ou-vient-la-resistance-aux-antibiotiques\" target=\"_blank\" rel=\"noreferrer noopener\">sur ce lien<\/a><\/p>\n\n\n\n<p><strong>L&#8217;\u00e9quipe<\/strong><\/p>\n\n\n\n<ul><li><a href=\"https:\/\/www.franceinter.fr\/personnes\/valerie-ayestaray\" target=\"_blank\" rel=\"noreferrer noopener\">Val\u00e9rie Ayestaray<\/a>, R\u00e9alisatrice<\/li><li><a href=\"https:\/\/www.franceinter.fr\/personnes\/chantal-le-montagner\" target=\"_blank\" rel=\"noreferrer noopener\">Chantal Le Montagner<\/a>, Charg\u00e9e de programmes<\/li><li><a href=\"https:\/\/www.franceinter.fr\/personnes\/lucie-sarfaty\" target=\"_blank\" rel=\"noreferrer noopener\">Lucie Sarfaty<\/a>, Charg\u00e9e de programmes<\/li><li><a href=\"https:\/\/www.franceinter.fr\/personnes\/anna-massardier\" target=\"_blank\" rel=\"noreferrer noopener\">Anna Massardier<\/a>, Attach\u00e9e de production<\/li><li><a href=\"https:\/\/www.franceinter.fr\/personnes\/camille-crosnier-1\" target=\"_blank\" rel=\"noreferrer noopener\">Camille Crosnier<\/a>, Journaliste et chroniqueuse<\/li><li><a href=\"https:\/\/www.franceinter.fr\/personnes\/emma-bouvier\" target=\"_blank\" rel=\"noreferrer noopener\">Emma Bouvier<\/a>, Stagiaire<\/li><li><a href=\"https:\/\/www.franceinter.fr\/personnes\/thierry-dupin\" target=\"_blank\" rel=\"noreferrer noopener\">Thierry Dupin<\/a>, Programmateur musical<\/li><\/ul>\n\n\n\n<p>Retrouvez l&#8217;\u00e9mission <a href=\"https:\/\/www.franceinter.fr\/emissions\/sciences-et-ecologie\/d-ou-vient-la-resistance-aux-antibiotiques\" target=\"_blank\" rel=\"noreferrer noopener\">sur cette page<\/a><\/p>\n","protected":false},"excerpt":{"rendered":"<p>La r\u00e9sistance aux antibiotiques &#8220;est une menace mondiale pour la sant\u00e9&#8221;, confirme les \u00e9tudes, surtout dans les pays \u00e0 revenu faible et interm\u00e9diaire, mais les pays riches ne sont pas non plus \u00e9pargn\u00e9s. Les invit\u00e9s Antoine Andremont, Professeur \u00e9m\u00e9rite de m\u00e9decine \u00e0 l\u2019Universit\u00e9 de Paris sp\u00e9cialiste de la r\u00e9sistance aux antibiotiques, microbiologiste et p\u00e9diatre de [&hellip;]<\/p>\n","protected":false},"author":139,"featured_media":23573,"comment_status":"closed","ping_status":"open","sticky":false,"template":"","format":"standard","meta":{"footnotes":"","_links_to":"","_links_to_target":""},"categories":[31],"tags":[],"acf":[],"yoast_head":"<!-- This site is optimized with the Yoast SEO plugin v22.8 - https:\/\/yoast.com\/wordpress\/plugins\/seo\/ -->\n<title>Emission France Inter : &quot;D&#039;o\u00f9 vient la r\u00e9sistance aux antibiotiques ?&quot; du 25 avril 2022 (34 minutes), avec Antoine ANDREMONT et Marie-C\u00e9cile PLOY - French\u00a0National ANTIBIOTIC RESISTANCE Portal<\/title>\n<meta name=\"description\" content=\"Informations, \u00e9v\u00e8nements et actualit\u00e9s autour de l&#039;Antibior\u00e9sistance en France et \u00e0 l&#039;international.\" \/>\n<meta name=\"robots\" content=\"index, follow, max-snippet:-1, max-image-preview:large, max-video-preview:-1\" \/>\n<link rel=\"canonical\" href=\"https:\/\/ppr-antibioresistance.inserm.fr\/en\/informations-et-communications\/actualites\/emission-france-inter-dou-vient-la-resistance-aux-antibiotiques-du-25-avril-2022-34-minutes-avec-antoine-andremont-et-marie-cecile-ploy\/\" \/>\n<meta property=\"og:locale\" content=\"en_GB\" \/>\n<meta property=\"og:type\" content=\"article\" \/>\n<meta property=\"og:title\" content=\"Emission France Inter : &quot;D&#039;o\u00f9 vient la r\u00e9sistance aux antibiotiques ?&quot; du 25 avril 2022 (34 minutes), avec Antoine ANDREMONT et Marie-C\u00e9cile PLOY - French\u00a0National ANTIBIOTIC RESISTANCE Portal\" \/>\n<meta property=\"og:description\" content=\"Informations, \u00e9v\u00e8nements et actualit\u00e9s autour de l&#039;Antibior\u00e9sistance en France et \u00e0 l&#039;international.\" \/>\n<meta property=\"og:url\" content=\"https:\/\/ppr-antibioresistance.inserm.fr\/en\/informations-et-communications\/actualites\/emission-france-inter-dou-vient-la-resistance-aux-antibiotiques-du-25-avril-2022-34-minutes-avec-antoine-andremont-et-marie-cecile-ploy\/\" \/>\n<meta property=\"og:site_name\" content=\"French\u00a0National ANTIBIOTIC RESISTANCE Portal\" \/>\n<meta property=\"article:published_time\" content=\"2022-05-03T09:20:08+00:00\" \/>\n<meta property=\"article:modified_time\" content=\"2022-05-03T09:20:11+00:00\" \/>\n<meta property=\"og:image\" content=\"https:\/\/ppr-antibioresistance.inserm.fr\/wp-content\/uploads\/2022\/05\/Radio.jpg\" \/>\n\t<meta property=\"og:image:width\" content=\"706\" \/>\n\t<meta property=\"og:image:height\" content=\"413\" \/>\n\t<meta property=\"og:image:type\" content=\"image\/jpeg\" \/>\n<meta name=\"author\" content=\"\u00c9milie Noguez\" \/>\n<meta name=\"twitter:card\" content=\"summary_large_image\" \/>\n<meta name=\"twitter:label1\" content=\"Written by\" \/>\n\t<meta name=\"twitter:data1\" content=\"\u00c9milie Noguez\" \/>\n\t<meta name=\"twitter:label2\" content=\"Estimated reading time\" \/>\n\t<meta name=\"twitter:data2\" content=\"1 minute\" \/>\n<script type=\"application\/ld+json\" class=\"yoast-schema-graph\">{\"@context\":\"https:\/\/schema.org\",\"@graph\":[{\"@type\":\"NewsArticle\",\"@id\":\"https:\/\/ppr-antibioresistance.inserm.fr\/en\/informations-et-communications\/actualites\/emission-france-inter-dou-vient-la-resistance-aux-antibiotiques-du-25-avril-2022-34-minutes-avec-antoine-andremont-et-marie-cecile-ploy\/#article\",\"isPartOf\":{\"@id\":\"https:\/\/ppr-antibioresistance.inserm.fr\/en\/informations-et-communications\/actualites\/emission-france-inter-dou-vient-la-resistance-aux-antibiotiques-du-25-avril-2022-34-minutes-avec-antoine-andremont-et-marie-cecile-ploy\/\"},\"author\":{\"name\":\"\u00c9milie Noguez\",\"@id\":\"https:\/\/ppr-antibioresistance.inserm.fr\/en\/#\/schema\/person\/6ae79ca06cbeaec66ef5e976b54606b3\"},\"headline\":\"Emission France Inter : &#8220;D&#8217;o\u00f9 vient la r\u00e9sistance aux antibiotiques ?&#8221; du 25 avril 2022 (34 minutes), avec Antoine ANDREMONT et Marie-C\u00e9cile PLOY\",\"datePublished\":\"2022-05-03T09:20:08+00:00\",\"dateModified\":\"2022-05-03T09:20:11+00:00\",\"mainEntityOfPage\":{\"@id\":\"https:\/\/ppr-antibioresistance.inserm.fr\/en\/informations-et-communications\/actualites\/emission-france-inter-dou-vient-la-resistance-aux-antibiotiques-du-25-avril-2022-34-minutes-avec-antoine-andremont-et-marie-cecile-ploy\/\"},\"wordCount\":163,\"publisher\":{\"@id\":\"https:\/\/ppr-antibioresistance.inserm.fr\/en\/#organization\"},\"image\":{\"@id\":\"https:\/\/ppr-antibioresistance.inserm.fr\/en\/informations-et-communications\/actualites\/emission-france-inter-dou-vient-la-resistance-aux-antibiotiques-du-25-avril-2022-34-minutes-avec-antoine-andremont-et-marie-cecile-ploy\/#primaryimage\"},\"thumbnailUrl\":\"https:\/\/ppr-antibioresistance.inserm.fr\/wp-content\/uploads\/2022\/05\/Radio.jpg\",\"articleSection\":[\"Actualit\u00e9s\"],\"inLanguage\":\"en-GB\"},{\"@type\":[\"WebPage\",\"ItemPage\"],\"@id\":\"https:\/\/ppr-antibioresistance.inserm.fr\/en\/informations-et-communications\/actualites\/emission-france-inter-dou-vient-la-resistance-aux-antibiotiques-du-25-avril-2022-34-minutes-avec-antoine-andremont-et-marie-cecile-ploy\/\",\"url\":\"https:\/\/ppr-antibioresistance.inserm.fr\/en\/informations-et-communications\/actualites\/emission-france-inter-dou-vient-la-resistance-aux-antibiotiques-du-25-avril-2022-34-minutes-avec-antoine-andremont-et-marie-cecile-ploy\/\",\"name\":\"Emission France Inter : \\\"D'o\u00f9 vient la r\u00e9sistance aux antibiotiques ?\\\" du 25 avril 2022 (34 minutes), avec Antoine ANDREMONT et Marie-C\u00e9cile PLOY - French\u00a0National ANTIBIOTIC RESISTANCE Portal\",\"isPartOf\":{\"@id\":\"https:\/\/ppr-antibioresistance.inserm.fr\/en\/#website\"},\"primaryImageOfPage\":{\"@id\":\"https:\/\/ppr-antibioresistance.inserm.fr\/en\/informations-et-communications\/actualites\/emission-france-inter-dou-vient-la-resistance-aux-antibiotiques-du-25-avril-2022-34-minutes-avec-antoine-andremont-et-marie-cecile-ploy\/#primaryimage\"},\"image\":{\"@id\":\"https:\/\/ppr-antibioresistance.inserm.fr\/en\/informations-et-communications\/actualites\/emission-france-inter-dou-vient-la-resistance-aux-antibiotiques-du-25-avril-2022-34-minutes-avec-antoine-andremont-et-marie-cecile-ploy\/#primaryimage\"},\"thumbnailUrl\":\"https:\/\/ppr-antibioresistance.inserm.fr\/wp-content\/uploads\/2022\/05\/Radio.jpg\",\"datePublished\":\"2022-05-03T09:20:08+00:00\",\"dateModified\":\"2022-05-03T09:20:11+00:00\",\"description\":\"Informations, \u00e9v\u00e8nements et actualit\u00e9s autour de l'Antibior\u00e9sistance en France et \u00e0 l'international.\",\"breadcrumb\":{\"@id\":\"https:\/\/ppr-antibioresistance.inserm.fr\/en\/informations-et-communications\/actualites\/emission-france-inter-dou-vient-la-resistance-aux-antibiotiques-du-25-avril-2022-34-minutes-avec-antoine-andremont-et-marie-cecile-ploy\/#breadcrumb\"},\"inLanguage\":\"en-GB\",\"potentialAction\":[{\"@type\":\"ReadAction\",\"target\":[\"https:\/\/ppr-antibioresistance.inserm.fr\/en\/informations-et-communications\/actualites\/emission-france-inter-dou-vient-la-resistance-aux-antibiotiques-du-25-avril-2022-34-minutes-avec-antoine-andremont-et-marie-cecile-ploy\/\"]}]},{\"@type\":\"ImageObject\",\"inLanguage\":\"en-GB\",\"@id\":\"https:\/\/ppr-antibioresistance.inserm.fr\/en\/informations-et-communications\/actualites\/emission-france-inter-dou-vient-la-resistance-aux-antibiotiques-du-25-avril-2022-34-minutes-avec-antoine-andremont-et-marie-cecile-ploy\/#primaryimage\",\"url\":\"https:\/\/ppr-antibioresistance.inserm.fr\/wp-content\/uploads\/2022\/05\/Radio.jpg\",\"contentUrl\":\"https:\/\/ppr-antibioresistance.inserm.fr\/wp-content\/uploads\/2022\/05\/Radio.jpg\",\"width\":706,\"height\":413,\"caption\":\"Cr\u00e9dit : Pixabay\"},{\"@type\":\"BreadcrumbList\",\"@id\":\"https:\/\/ppr-antibioresistance.inserm.fr\/en\/informations-et-communications\/actualites\/emission-france-inter-dou-vient-la-resistance-aux-antibiotiques-du-25-avril-2022-34-minutes-avec-antoine-andremont-et-marie-cecile-ploy\/#breadcrumb\",\"itemListElement\":[{\"@type\":\"ListItem\",\"position\":1,\"name\":\"Home\",\"item\":\"https:\/\/ppr-antibioresistance.inserm.fr\/en\/\"},{\"@type\":\"ListItem\",\"position\":2,\"name\":\"Practical info &amp; communications\",\"item\":\"https:\/\/ppr-antibioresistance.inserm.fr\/en\/info-communication\/\"},{\"@type\":\"ListItem\",\"position\":3,\"name\":\"News\",\"item\":\"https:\/\/ppr-antibioresistance.inserm.fr\/en\/info-communication\/news\/\"},{\"@type\":\"ListItem\",\"position\":4,\"name\":\"Emission France Inter : \u201cD\u2019o\u00f9 vient la r\u00e9sistance aux antibiotiques ?\u201d du 25 avril 2022 (34 minutes), avec Antoine ANDREMONT et Marie-C\u00e9cile PLOY\"}]},{\"@type\":\"WebSite\",\"@id\":\"https:\/\/ppr-antibioresistance.inserm.fr\/en\/#website\",\"url\":\"https:\/\/ppr-antibioresistance.inserm.fr\/en\/\",\"name\":\"French\u00a0National ANTIBIOTIC RESISTANCE Portal\",\"description\":\"INSERM - From science to health\",\"publisher\":{\"@id\":\"https:\/\/ppr-antibioresistance.inserm.fr\/en\/#organization\"},\"potentialAction\":[{\"@type\":\"SearchAction\",\"target\":{\"@type\":\"EntryPoint\",\"urlTemplate\":\"https:\/\/ppr-antibioresistance.inserm.fr\/en\/?s={search_term_string}\"},\"query-input\":\"required name=search_term_string\"}],\"inLanguage\":\"en-GB\"},{\"@type\":\"Organization\",\"@id\":\"https:\/\/ppr-antibioresistance.inserm.fr\/en\/#organization\",\"name\":\"Inserm\",\"url\":\"https:\/\/ppr-antibioresistance.inserm.fr\/en\/\",\"logo\":{\"@type\":\"ImageObject\",\"inLanguage\":\"en-GB\",\"@id\":\"https:\/\/ppr-antibioresistance.inserm.fr\/en\/#\/schema\/logo\/image\/\",\"url\":\"https:\/\/ppr-antibioresistance.inserm.fr\/wp-content\/uploads\/2020\/05\/logo-inserm-ppra.svg\",\"contentUrl\":\"https:\/\/ppr-antibioresistance.inserm.fr\/wp-content\/uploads\/2020\/05\/logo-inserm-ppra.svg\",\"width\":1,\"height\":1,\"caption\":\"Inserm\"},\"image\":{\"@id\":\"https:\/\/ppr-antibioresistance.inserm.fr\/en\/#\/schema\/logo\/image\/\"}},{\"@type\":\"Person\",\"@id\":\"https:\/\/ppr-antibioresistance.inserm.fr\/en\/#\/schema\/person\/6ae79ca06cbeaec66ef5e976b54606b3\",\"name\":\"\u00c9milie Noguez\"}]}<\/script>\n<!-- \/ Yoast SEO plugin. -->","yoast_head_json":{"title":"Emission France Inter : \"D'o\u00f9 vient la r\u00e9sistance aux antibiotiques ?\" du 25 avril 2022 (34 minutes), avec Antoine ANDREMONT et Marie-C\u00e9cile PLOY - French\u00a0National ANTIBIOTIC RESISTANCE Portal","description":"Informations, \u00e9v\u00e8nements et actualit\u00e9s autour de l'Antibior\u00e9sistance en France et \u00e0 l'international.","robots":{"index":"index","follow":"follow","max-snippet":"max-snippet:-1","max-image-preview":"max-image-preview:large","max-video-preview":"max-video-preview:-1"},"canonical":"https:\/\/ppr-antibioresistance.inserm.fr\/en\/informations-et-communications\/actualites\/emission-france-inter-dou-vient-la-resistance-aux-antibiotiques-du-25-avril-2022-34-minutes-avec-antoine-andremont-et-marie-cecile-ploy\/","og_locale":"en_GB","og_type":"article","og_title":"Emission France Inter : \"D'o\u00f9 vient la r\u00e9sistance aux antibiotiques ?\" du 25 avril 2022 (34 minutes), avec Antoine ANDREMONT et Marie-C\u00e9cile PLOY - French\u00a0National ANTIBIOTIC RESISTANCE Portal","og_description":"Informations, \u00e9v\u00e8nements et actualit\u00e9s autour de l'Antibior\u00e9sistance en France et \u00e0 l'international.","og_url":"https:\/\/ppr-antibioresistance.inserm.fr\/en\/informations-et-communications\/actualites\/emission-france-inter-dou-vient-la-resistance-aux-antibiotiques-du-25-avril-2022-34-minutes-avec-antoine-andremont-et-marie-cecile-ploy\/","og_site_name":"French\u00a0National ANTIBIOTIC RESISTANCE Portal","article_published_time":"2022-05-03T09:20:08+00:00","article_modified_time":"2022-05-03T09:20:11+00:00","og_image":[{"width":706,"height":413,"url":"https:\/\/ppr-antibioresistance.inserm.fr\/wp-content\/uploads\/2022\/05\/Radio.jpg","type":"image\/jpeg"}],"author":"\u00c9milie Noguez","twitter_card":"summary_large_image","twitter_misc":{"Written by":"\u00c9milie Noguez","Estimated reading time":"1 minute"},"schema":{"@context":"https:\/\/schema.org","@graph":[{"@type":"NewsArticle","@id":"https:\/\/ppr-antibioresistance.inserm.fr\/en\/informations-et-communications\/actualites\/emission-france-inter-dou-vient-la-resistance-aux-antibiotiques-du-25-avril-2022-34-minutes-avec-antoine-andremont-et-marie-cecile-ploy\/#article","isPartOf":{"@id":"https:\/\/ppr-antibioresistance.inserm.fr\/en\/informations-et-communications\/actualites\/emission-france-inter-dou-vient-la-resistance-aux-antibiotiques-du-25-avril-2022-34-minutes-avec-antoine-andremont-et-marie-cecile-ploy\/"},"author":{"name":"\u00c9milie Noguez","@id":"https:\/\/ppr-antibioresistance.inserm.fr\/en\/#\/schema\/person\/6ae79ca06cbeaec66ef5e976b54606b3"},"headline":"Emission France Inter : &#8220;D&#8217;o\u00f9 vient la r\u00e9sistance aux antibiotiques ?&#8221; du 25 avril 2022 (34 minutes), avec Antoine ANDREMONT et Marie-C\u00e9cile PLOY","datePublished":"2022-05-03T09:20:08+00:00","dateModified":"2022-05-03T09:20:11+00:00","mainEntityOfPage":{"@id":"https:\/\/ppr-antibioresistance.inserm.fr\/en\/informations-et-communications\/actualites\/emission-france-inter-dou-vient-la-resistance-aux-antibiotiques-du-25-avril-2022-34-minutes-avec-antoine-andremont-et-marie-cecile-ploy\/"},"wordCount":163,"publisher":{"@id":"https:\/\/ppr-antibioresistance.inserm.fr\/en\/#organization"},"image":{"@id":"https:\/\/ppr-antibioresistance.inserm.fr\/en\/informations-et-communications\/actualites\/emission-france-inter-dou-vient-la-resistance-aux-antibiotiques-du-25-avril-2022-34-minutes-avec-antoine-andremont-et-marie-cecile-ploy\/#primaryimage"},"thumbnailUrl":"https:\/\/ppr-antibioresistance.inserm.fr\/wp-content\/uploads\/2022\/05\/Radio.jpg","articleSection":["Actualit\u00e9s"],"inLanguage":"en-GB"},{"@type":["WebPage","ItemPage"],"@id":"https:\/\/ppr-antibioresistance.inserm.fr\/en\/informations-et-communications\/actualites\/emission-france-inter-dou-vient-la-resistance-aux-antibiotiques-du-25-avril-2022-34-minutes-avec-antoine-andremont-et-marie-cecile-ploy\/","url":"https:\/\/ppr-antibioresistance.inserm.fr\/en\/informations-et-communications\/actualites\/emission-france-inter-dou-vient-la-resistance-aux-antibiotiques-du-25-avril-2022-34-minutes-avec-antoine-andremont-et-marie-cecile-ploy\/","name":"Emission France Inter : \"D'o\u00f9 vient la r\u00e9sistance aux antibiotiques ?\" du 25 avril 2022 (34 minutes), avec Antoine ANDREMONT et Marie-C\u00e9cile PLOY - French\u00a0National ANTIBIOTIC RESISTANCE Portal","isPartOf":{"@id":"https:\/\/ppr-antibioresistance.inserm.fr\/en\/#website"},"primaryImageOfPage":{"@id":"https:\/\/ppr-antibioresistance.inserm.fr\/en\/informations-et-communications\/actualites\/emission-france-inter-dou-vient-la-resistance-aux-antibiotiques-du-25-avril-2022-34-minutes-avec-antoine-andremont-et-marie-cecile-ploy\/#primaryimage"},"image":{"@id":"https:\/\/ppr-antibioresistance.inserm.fr\/en\/informations-et-communications\/actualites\/emission-france-inter-dou-vient-la-resistance-aux-antibiotiques-du-25-avril-2022-34-minutes-avec-antoine-andremont-et-marie-cecile-ploy\/#primaryimage"},"thumbnailUrl":"https:\/\/ppr-antibioresistance.inserm.fr\/wp-content\/uploads\/2022\/05\/Radio.jpg","datePublished":"2022-05-03T09:20:08+00:00","dateModified":"2022-05-03T09:20:11+00:00","description":"Informations, \u00e9v\u00e8nements et actualit\u00e9s autour de l'Antibior\u00e9sistance en France et \u00e0 l'international.","breadcrumb":{"@id":"https:\/\/ppr-antibioresistance.inserm.fr\/en\/informations-et-communications\/actualites\/emission-france-inter-dou-vient-la-resistance-aux-antibiotiques-du-25-avril-2022-34-minutes-avec-antoine-andremont-et-marie-cecile-ploy\/#breadcrumb"},"inLanguage":"en-GB","potentialAction":[{"@type":"ReadAction","target":["https:\/\/ppr-antibioresistance.inserm.fr\/en\/informations-et-communications\/actualites\/emission-france-inter-dou-vient-la-resistance-aux-antibiotiques-du-25-avril-2022-34-minutes-avec-antoine-andremont-et-marie-cecile-ploy\/"]}]},{"@type":"ImageObject","inLanguage":"en-GB","@id":"https:\/\/ppr-antibioresistance.inserm.fr\/en\/informations-et-communications\/actualites\/emission-france-inter-dou-vient-la-resistance-aux-antibiotiques-du-25-avril-2022-34-minutes-avec-antoine-andremont-et-marie-cecile-ploy\/#primaryimage","url":"https:\/\/ppr-antibioresistance.inserm.fr\/wp-content\/uploads\/2022\/05\/Radio.jpg","contentUrl":"https:\/\/ppr-antibioresistance.inserm.fr\/wp-content\/uploads\/2022\/05\/Radio.jpg","width":706,"height":413,"caption":"Cr\u00e9dit : Pixabay"},{"@type":"BreadcrumbList","@id":"https:\/\/ppr-antibioresistance.inserm.fr\/en\/informations-et-communications\/actualites\/emission-france-inter-dou-vient-la-resistance-aux-antibiotiques-du-25-avril-2022-34-minutes-avec-antoine-andremont-et-marie-cecile-ploy\/#breadcrumb","itemListElement":[{"@type":"ListItem","position":1,"name":"Home","item":"https:\/\/ppr-antibioresistance.inserm.fr\/en\/"},{"@type":"ListItem","position":2,"name":"Practical info &amp; communications","item":"https:\/\/ppr-antibioresistance.inserm.fr\/en\/info-communication\/"},{"@type":"ListItem","position":3,"name":"News","item":"https:\/\/ppr-antibioresistance.inserm.fr\/en\/info-communication\/news\/"},{"@type":"ListItem","position":4,"name":"Emission France Inter : \u201cD\u2019o\u00f9 vient la r\u00e9sistance aux antibiotiques ?\u201d du 25 avril 2022 (34 minutes), avec Antoine ANDREMONT et Marie-C\u00e9cile PLOY"}]},{"@type":"WebSite","@id":"https:\/\/ppr-antibioresistance.inserm.fr\/en\/#website","url":"https:\/\/ppr-antibioresistance.inserm.fr\/en\/","name":"French\u00a0National ANTIBIOTIC RESISTANCE Portal","description":"INSERM - From science to health","publisher":{"@id":"https:\/\/ppr-antibioresistance.inserm.fr\/en\/#organization"},"potentialAction":[{"@type":"SearchAction","target":{"@type":"EntryPoint","urlTemplate":"https:\/\/ppr-antibioresistance.inserm.fr\/en\/?s={search_term_string}"},"query-input":"required name=search_term_string"}],"inLanguage":"en-GB"},{"@type":"Organization","@id":"https:\/\/ppr-antibioresistance.inserm.fr\/en\/#organization","name":"Inserm","url":"https:\/\/ppr-antibioresistance.inserm.fr\/en\/","logo":{"@type":"ImageObject","inLanguage":"en-GB","@id":"https:\/\/ppr-antibioresistance.inserm.fr\/en\/#\/schema\/logo\/image\/","url":"https:\/\/ppr-antibioresistance.inserm.fr\/wp-content\/uploads\/2020\/05\/logo-inserm-ppra.svg","contentUrl":"https:\/\/ppr-antibioresistance.inserm.fr\/wp-content\/uploads\/2020\/05\/logo-inserm-ppra.svg","width":1,"height":1,"caption":"Inserm"},"image":{"@id":"https:\/\/ppr-antibioresistance.inserm.fr\/en\/#\/schema\/logo\/image\/"}},{"@type":"Person","@id":"https:\/\/ppr-antibioresistance.inserm.fr\/en\/#\/schema\/person\/6ae79ca06cbeaec66ef5e976b54606b3","name":"\u00c9milie Noguez"}]}},"publishpress_future_action":{"enabled":false,"date":"2026-05-07 04:44:12","action":"change-status","newStatus":"private","terms":[],"taxonomy":"category"},"post_mailing_queue_ids":[],"_links":{"self":[{"href":"https:\/\/ppr-antibioresistance.inserm.fr\/en\/wp-json\/wp\/v2\/posts\/23571"}],"collection":[{"href":"https:\/\/ppr-antibioresistance.inserm.fr\/en\/wp-json\/wp\/v2\/posts"}],"about":[{"href":"https:\/\/ppr-antibioresistance.inserm.fr\/en\/wp-json\/wp\/v2\/types\/post"}],"author":[{"embeddable":true,"href":"https:\/\/ppr-antibioresistance.inserm.fr\/en\/wp-json\/wp\/v2\/users\/139"}],"replies":[{"embeddable":true,"href":"https:\/\/ppr-antibioresistance.inserm.fr\/en\/wp-json\/wp\/v2\/comments?post=23571"}],"version-history":[{"count":7,"href":"https:\/\/ppr-antibioresistance.inserm.fr\/en\/wp-json\/wp\/v2\/posts\/23571\/revisions"}],"predecessor-version":[{"id":23589,"href":"https:\/\/ppr-antibioresistance.inserm.fr\/en\/wp-json\/wp\/v2\/posts\/23571\/revisions\/23589"}],"wp:featuredmedia":[{"embeddable":true,"href":"https:\/\/ppr-antibioresistance.inserm.fr\/en\/wp-json\/wp\/v2\/media\/23573"}],"wp:attachment":[{"href":"https:\/\/ppr-antibioresistance.inserm.fr\/en\/wp-json\/wp\/v2\/media?parent=23571"}],"wp:term":[{"taxonomy":"category","embeddable":true,"href":"https:\/\/ppr-antibioresistance.inserm.fr\/en\/wp-json\/wp\/v2\/categories?post=23571"},{"taxonomy":"post_tag","embeddable":true,"href":"https:\/\/ppr-antibioresistance.inserm.fr\/en\/wp-json\/wp\/v2\/tags?post=23571"}],"curies":[{"name":"wp","href":"https:\/\/api.w.org\/{rel}","templated":true}]}}