{"id":19663,"date":"2022-01-05T14:25:43","date_gmt":"2022-01-05T13:25:43","guid":{"rendered":"https:\/\/ppr-antibioresistance.inserm.fr\/?p=19663"},"modified":"2022-01-05T14:25:47","modified_gmt":"2022-01-05T13:25:47","slug":"eccmid-32nd-european-congress-of-clinical-microbiology-infectious-diseases-23-26-april-2022-lisbon-portugal","status":"publish","type":"post","link":"https:\/\/ppr-antibioresistance.inserm.fr\/en\/info-communication\/events-conferences\/eccmid-32nd-european-congress-of-clinical-microbiology-infectious-diseases-23-26-april-2022-lisbon-portugal\/","title":{"rendered":"ECCMID 32nd European Congress of Clinical Microbiology &#038; Infectious Diseases, 23-26 April 2022, Lisbon, Portugal"},"content":{"rendered":"\n<p>The 32nd European Congress of Clinical Microbiology &amp; Infectious Diseases will take place both online and in Lisbon, Portugal on 23 &#8211; 26 April 2022. ECCMID, as the world\u2019s premier Clinical Microbiology &amp; Infectious Diseases event, brings together experts from many fields to present their latest findings, guidelines and experiences to an audience of over 14,000 colleagues. <\/p>\n\n\n\n<p>This year, <a href=\"https:\/\/www.eccmid.org\/\" target=\"_blank\" rel=\"noreferrer noopener\">the congress<\/a> will feature a hybrid format to facilitate an onsite and online experience for attendees allowing for remote and face-to-face opportunities to take part in the multifaceted programme. <\/p>\n\n\n\n<p>The Programme Committee has developed a comprehensive scientific and educational programme incorporating Keynote Lectures and Oral Sessions, as well as Educational Workshops, Open Forums, Meet-The-Expert Sessions and a wide range of Scientific Symposia. <\/p>\n\n\n\n<p><a href=\"https:\/\/www.eccmid.org\/scientific_programme\/\" target=\"_blank\" rel=\"noreferrer noopener\">Scientific programme<\/a><\/p>\n\n\n\n<p><a href=\"https:\/\/www.eccmid.org\/abstracts\/\" target=\"_blank\" rel=\"noreferrer noopener\">Abstracts<\/a><\/p>\n\n\n\n<p><a href=\"https:\/\/www.eccmid.org\/registration_accommodation\/\" target=\"_blank\" rel=\"noreferrer noopener\">Registration and accomodation<\/a><\/p>\n\n\n\n<p><a href=\"https:\/\/www.eccmid.org\/congress_information\/\" target=\"_blank\" rel=\"noreferrer noopener\">Congress information<\/a><\/p>\n\n\n\n<p><a href=\"https:\/\/www.eccmid.org\/sponsorship_and_exhibition\/\" target=\"_blank\" rel=\"noreferrer noopener\">Sponsorship and exhibition<\/a><\/p>\n\n\n\n<p>More on the <a href=\"https:\/\/www.eccmid.org\/\" target=\"_blank\" rel=\"noreferrer noopener\">event webpage<\/a>.<\/p>\n","protected":false},"excerpt":{"rendered":"<p>The 32nd European Congress of Clinical Microbiology &amp; Infectious Diseases will take place both online and in Lisbon, Portugal on 23 &#8211; 26 April 2022. ECCMID, as the world\u2019s premier Clinical Microbiology &amp; Infectious Diseases event, brings together experts from many fields to present their latest findings, guidelines and experiences to an audience of over [&hellip;]<\/p>\n","protected":false},"author":139,"featured_media":19681,"comment_status":"closed","ping_status":"open","sticky":false,"template":"","format":"standard","meta":{"footnotes":"","_links_to":"","_links_to_target":""},"categories":[63],"tags":[],"acf":[],"yoast_head":"<!-- This site is optimized with the Yoast SEO plugin v22.8 - https:\/\/yoast.com\/wordpress\/plugins\/seo\/ -->\n<title>ECCMID 32nd European Congress of Clinical Microbiology &amp; Infectious Diseases, 23-26 April 2022, Lisbon, Portugal - French\u00a0National ANTIBIOTIC RESISTANCE Portal<\/title>\n<meta name=\"description\" content=\"Informations, \u00e9v\u00e8nements et actualit\u00e9s autour de l&#039;Antibior\u00e9sistance en France et \u00e0 l&#039;international.\" \/>\n<meta name=\"robots\" content=\"index, follow, max-snippet:-1, max-image-preview:large, max-video-preview:-1\" \/>\n<link rel=\"canonical\" href=\"https:\/\/ppr-antibioresistance.inserm.fr\/en\/info-communication\/events-conferences\/eccmid-32nd-european-congress-of-clinical-microbiology-infectious-diseases-23-26-april-2022-lisbon-portugal\/\" \/>\n<meta property=\"og:locale\" content=\"en_GB\" \/>\n<meta property=\"og:type\" content=\"article\" \/>\n<meta property=\"og:title\" content=\"ECCMID 32nd European Congress of Clinical Microbiology &amp; Infectious Diseases, 23-26 April 2022, Lisbon, Portugal - French\u00a0National ANTIBIOTIC RESISTANCE Portal\" \/>\n<meta property=\"og:description\" content=\"Informations, \u00e9v\u00e8nements et actualit\u00e9s autour de l&#039;Antibior\u00e9sistance en France et \u00e0 l&#039;international.\" \/>\n<meta property=\"og:url\" content=\"https:\/\/ppr-antibioresistance.inserm.fr\/en\/info-communication\/events-conferences\/eccmid-32nd-european-congress-of-clinical-microbiology-infectious-diseases-23-26-april-2022-lisbon-portugal\/\" \/>\n<meta property=\"og:site_name\" content=\"French\u00a0National ANTIBIOTIC RESISTANCE Portal\" \/>\n<meta property=\"article:published_time\" content=\"2022-01-05T13:25:43+00:00\" \/>\n<meta property=\"article:modified_time\" content=\"2022-01-05T13:25:47+00:00\" \/>\n<meta property=\"og:image\" content=\"https:\/\/ppr-antibioresistance.inserm.fr\/wp-content\/uploads\/2022\/01\/Lisbon.jpg\" \/>\n\t<meta property=\"og:image:width\" content=\"921\" \/>\n\t<meta property=\"og:image:height\" content=\"607\" \/>\n\t<meta property=\"og:image:type\" content=\"image\/jpeg\" \/>\n<meta name=\"author\" content=\"\u00c9milie Noguez\" \/>\n<meta name=\"twitter:card\" content=\"summary_large_image\" \/>\n<meta name=\"twitter:label1\" content=\"Written by\" \/>\n\t<meta name=\"twitter:data1\" content=\"\u00c9milie Noguez\" \/>\n\t<meta name=\"twitter:label2\" content=\"Estimated reading time\" \/>\n\t<meta name=\"twitter:data2\" content=\"1 minute\" \/>\n<script type=\"application\/ld+json\" class=\"yoast-schema-graph\">{\"@context\":\"https:\/\/schema.org\",\"@graph\":[{\"@type\":\"NewsArticle\",\"@id\":\"https:\/\/ppr-antibioresistance.inserm.fr\/en\/info-communication\/events-conferences\/eccmid-32nd-european-congress-of-clinical-microbiology-infectious-diseases-23-26-april-2022-lisbon-portugal\/#article\",\"isPartOf\":{\"@id\":\"https:\/\/ppr-antibioresistance.inserm.fr\/en\/info-communication\/events-conferences\/eccmid-32nd-european-congress-of-clinical-microbiology-infectious-diseases-23-26-april-2022-lisbon-portugal\/\"},\"author\":{\"name\":\"\u00c9milie Noguez\",\"@id\":\"https:\/\/ppr-antibioresistance.inserm.fr\/en\/#\/schema\/person\/6ae79ca06cbeaec66ef5e976b54606b3\"},\"headline\":\"ECCMID 32nd European Congress of Clinical Microbiology &#038; Infectious Diseases, 23-26 April 2022, Lisbon, Portugal\",\"datePublished\":\"2022-01-05T13:25:43+00:00\",\"dateModified\":\"2022-01-05T13:25:47+00:00\",\"mainEntityOfPage\":{\"@id\":\"https:\/\/ppr-antibioresistance.inserm.fr\/en\/info-communication\/events-conferences\/eccmid-32nd-european-congress-of-clinical-microbiology-infectious-diseases-23-26-april-2022-lisbon-portugal\/\"},\"wordCount\":147,\"publisher\":{\"@id\":\"https:\/\/ppr-antibioresistance.inserm.fr\/en\/#organization\"},\"image\":{\"@id\":\"https:\/\/ppr-antibioresistance.inserm.fr\/en\/info-communication\/events-conferences\/eccmid-32nd-european-congress-of-clinical-microbiology-infectious-diseases-23-26-april-2022-lisbon-portugal\/#primaryimage\"},\"thumbnailUrl\":\"https:\/\/ppr-antibioresistance.inserm.fr\/wp-content\/uploads\/2022\/01\/Lisbon.jpg\",\"articleSection\":[\"Events &amp; Conferences\"],\"inLanguage\":\"en-GB\"},{\"@type\":[\"WebPage\",\"ItemPage\"],\"@id\":\"https:\/\/ppr-antibioresistance.inserm.fr\/en\/info-communication\/events-conferences\/eccmid-32nd-european-congress-of-clinical-microbiology-infectious-diseases-23-26-april-2022-lisbon-portugal\/\",\"url\":\"https:\/\/ppr-antibioresistance.inserm.fr\/en\/info-communication\/events-conferences\/eccmid-32nd-european-congress-of-clinical-microbiology-infectious-diseases-23-26-april-2022-lisbon-portugal\/\",\"name\":\"ECCMID 32nd European Congress of Clinical Microbiology & Infectious Diseases, 23-26 April 2022, Lisbon, Portugal - French\u00a0National ANTIBIOTIC RESISTANCE Portal\",\"isPartOf\":{\"@id\":\"https:\/\/ppr-antibioresistance.inserm.fr\/en\/#website\"},\"primaryImageOfPage\":{\"@id\":\"https:\/\/ppr-antibioresistance.inserm.fr\/en\/info-communication\/events-conferences\/eccmid-32nd-european-congress-of-clinical-microbiology-infectious-diseases-23-26-april-2022-lisbon-portugal\/#primaryimage\"},\"image\":{\"@id\":\"https:\/\/ppr-antibioresistance.inserm.fr\/en\/info-communication\/events-conferences\/eccmid-32nd-european-congress-of-clinical-microbiology-infectious-diseases-23-26-april-2022-lisbon-portugal\/#primaryimage\"},\"thumbnailUrl\":\"https:\/\/ppr-antibioresistance.inserm.fr\/wp-content\/uploads\/2022\/01\/Lisbon.jpg\",\"datePublished\":\"2022-01-05T13:25:43+00:00\",\"dateModified\":\"2022-01-05T13:25:47+00:00\",\"description\":\"Informations, \u00e9v\u00e8nements et actualit\u00e9s autour de l'Antibior\u00e9sistance en France et \u00e0 l'international.\",\"breadcrumb\":{\"@id\":\"https:\/\/ppr-antibioresistance.inserm.fr\/en\/info-communication\/events-conferences\/eccmid-32nd-european-congress-of-clinical-microbiology-infectious-diseases-23-26-april-2022-lisbon-portugal\/#breadcrumb\"},\"inLanguage\":\"en-GB\",\"potentialAction\":[{\"@type\":\"ReadAction\",\"target\":[\"https:\/\/ppr-antibioresistance.inserm.fr\/en\/info-communication\/events-conferences\/eccmid-32nd-european-congress-of-clinical-microbiology-infectious-diseases-23-26-april-2022-lisbon-portugal\/\"]}]},{\"@type\":\"ImageObject\",\"inLanguage\":\"en-GB\",\"@id\":\"https:\/\/ppr-antibioresistance.inserm.fr\/en\/info-communication\/events-conferences\/eccmid-32nd-european-congress-of-clinical-microbiology-infectious-diseases-23-26-april-2022-lisbon-portugal\/#primaryimage\",\"url\":\"https:\/\/ppr-antibioresistance.inserm.fr\/wp-content\/uploads\/2022\/01\/Lisbon.jpg\",\"contentUrl\":\"https:\/\/ppr-antibioresistance.inserm.fr\/wp-content\/uploads\/2022\/01\/Lisbon.jpg\",\"width\":921,\"height\":607,\"caption\":\"Cr\u00e9dit : Pixabay\"},{\"@type\":\"BreadcrumbList\",\"@id\":\"https:\/\/ppr-antibioresistance.inserm.fr\/en\/info-communication\/events-conferences\/eccmid-32nd-european-congress-of-clinical-microbiology-infectious-diseases-23-26-april-2022-lisbon-portugal\/#breadcrumb\",\"itemListElement\":[{\"@type\":\"ListItem\",\"position\":1,\"name\":\"Home\",\"item\":\"https:\/\/ppr-antibioresistance.inserm.fr\/en\/\"},{\"@type\":\"ListItem\",\"position\":2,\"name\":\"Practical info &amp; communications\",\"item\":\"https:\/\/ppr-antibioresistance.inserm.fr\/en\/info-communication\/\"},{\"@type\":\"ListItem\",\"position\":3,\"name\":\"Events &amp; Conferences\",\"item\":\"https:\/\/ppr-antibioresistance.inserm.fr\/en\/info-communication\/events-conferences\/\"},{\"@type\":\"ListItem\",\"position\":4,\"name\":\"ECCMID 32nd European Congress of Clinical Microbiology &#038; Infectious Diseases, 23-26 April 2022, Lisbon, Portugal\"}]},{\"@type\":\"WebSite\",\"@id\":\"https:\/\/ppr-antibioresistance.inserm.fr\/en\/#website\",\"url\":\"https:\/\/ppr-antibioresistance.inserm.fr\/en\/\",\"name\":\"French\u00a0National ANTIBIOTIC RESISTANCE Portal\",\"description\":\"INSERM - From science to health\",\"publisher\":{\"@id\":\"https:\/\/ppr-antibioresistance.inserm.fr\/en\/#organization\"},\"potentialAction\":[{\"@type\":\"SearchAction\",\"target\":{\"@type\":\"EntryPoint\",\"urlTemplate\":\"https:\/\/ppr-antibioresistance.inserm.fr\/en\/?s={search_term_string}\"},\"query-input\":\"required name=search_term_string\"}],\"inLanguage\":\"en-GB\"},{\"@type\":\"Organization\",\"@id\":\"https:\/\/ppr-antibioresistance.inserm.fr\/en\/#organization\",\"name\":\"Inserm\",\"url\":\"https:\/\/ppr-antibioresistance.inserm.fr\/en\/\",\"logo\":{\"@type\":\"ImageObject\",\"inLanguage\":\"en-GB\",\"@id\":\"https:\/\/ppr-antibioresistance.inserm.fr\/en\/#\/schema\/logo\/image\/\",\"url\":\"https:\/\/ppr-antibioresistance.inserm.fr\/wp-content\/uploads\/2020\/05\/logo-inserm-ppra.svg\",\"contentUrl\":\"https:\/\/ppr-antibioresistance.inserm.fr\/wp-content\/uploads\/2020\/05\/logo-inserm-ppra.svg\",\"width\":1,\"height\":1,\"caption\":\"Inserm\"},\"image\":{\"@id\":\"https:\/\/ppr-antibioresistance.inserm.fr\/en\/#\/schema\/logo\/image\/\"}},{\"@type\":\"Person\",\"@id\":\"https:\/\/ppr-antibioresistance.inserm.fr\/en\/#\/schema\/person\/6ae79ca06cbeaec66ef5e976b54606b3\",\"name\":\"\u00c9milie Noguez\"}]}<\/script>\n<!-- \/ Yoast SEO plugin. -->","yoast_head_json":{"title":"ECCMID 32nd European Congress of Clinical Microbiology & Infectious Diseases, 23-26 April 2022, Lisbon, Portugal - French\u00a0National ANTIBIOTIC RESISTANCE Portal","description":"Informations, \u00e9v\u00e8nements et actualit\u00e9s autour de l'Antibior\u00e9sistance en France et \u00e0 l'international.","robots":{"index":"index","follow":"follow","max-snippet":"max-snippet:-1","max-image-preview":"max-image-preview:large","max-video-preview":"max-video-preview:-1"},"canonical":"https:\/\/ppr-antibioresistance.inserm.fr\/en\/info-communication\/events-conferences\/eccmid-32nd-european-congress-of-clinical-microbiology-infectious-diseases-23-26-april-2022-lisbon-portugal\/","og_locale":"en_GB","og_type":"article","og_title":"ECCMID 32nd European Congress of Clinical Microbiology & Infectious Diseases, 23-26 April 2022, Lisbon, Portugal - French\u00a0National ANTIBIOTIC RESISTANCE Portal","og_description":"Informations, \u00e9v\u00e8nements et actualit\u00e9s autour de l'Antibior\u00e9sistance en France et \u00e0 l'international.","og_url":"https:\/\/ppr-antibioresistance.inserm.fr\/en\/info-communication\/events-conferences\/eccmid-32nd-european-congress-of-clinical-microbiology-infectious-diseases-23-26-april-2022-lisbon-portugal\/","og_site_name":"French\u00a0National ANTIBIOTIC RESISTANCE Portal","article_published_time":"2022-01-05T13:25:43+00:00","article_modified_time":"2022-01-05T13:25:47+00:00","og_image":[{"width":921,"height":607,"url":"https:\/\/ppr-antibioresistance.inserm.fr\/wp-content\/uploads\/2022\/01\/Lisbon.jpg","type":"image\/jpeg"}],"author":"\u00c9milie Noguez","twitter_card":"summary_large_image","twitter_misc":{"Written by":"\u00c9milie Noguez","Estimated reading time":"1 minute"},"schema":{"@context":"https:\/\/schema.org","@graph":[{"@type":"NewsArticle","@id":"https:\/\/ppr-antibioresistance.inserm.fr\/en\/info-communication\/events-conferences\/eccmid-32nd-european-congress-of-clinical-microbiology-infectious-diseases-23-26-april-2022-lisbon-portugal\/#article","isPartOf":{"@id":"https:\/\/ppr-antibioresistance.inserm.fr\/en\/info-communication\/events-conferences\/eccmid-32nd-european-congress-of-clinical-microbiology-infectious-diseases-23-26-april-2022-lisbon-portugal\/"},"author":{"name":"\u00c9milie Noguez","@id":"https:\/\/ppr-antibioresistance.inserm.fr\/en\/#\/schema\/person\/6ae79ca06cbeaec66ef5e976b54606b3"},"headline":"ECCMID 32nd European Congress of Clinical Microbiology &#038; Infectious Diseases, 23-26 April 2022, Lisbon, Portugal","datePublished":"2022-01-05T13:25:43+00:00","dateModified":"2022-01-05T13:25:47+00:00","mainEntityOfPage":{"@id":"https:\/\/ppr-antibioresistance.inserm.fr\/en\/info-communication\/events-conferences\/eccmid-32nd-european-congress-of-clinical-microbiology-infectious-diseases-23-26-april-2022-lisbon-portugal\/"},"wordCount":147,"publisher":{"@id":"https:\/\/ppr-antibioresistance.inserm.fr\/en\/#organization"},"image":{"@id":"https:\/\/ppr-antibioresistance.inserm.fr\/en\/info-communication\/events-conferences\/eccmid-32nd-european-congress-of-clinical-microbiology-infectious-diseases-23-26-april-2022-lisbon-portugal\/#primaryimage"},"thumbnailUrl":"https:\/\/ppr-antibioresistance.inserm.fr\/wp-content\/uploads\/2022\/01\/Lisbon.jpg","articleSection":["Events &amp; Conferences"],"inLanguage":"en-GB"},{"@type":["WebPage","ItemPage"],"@id":"https:\/\/ppr-antibioresistance.inserm.fr\/en\/info-communication\/events-conferences\/eccmid-32nd-european-congress-of-clinical-microbiology-infectious-diseases-23-26-april-2022-lisbon-portugal\/","url":"https:\/\/ppr-antibioresistance.inserm.fr\/en\/info-communication\/events-conferences\/eccmid-32nd-european-congress-of-clinical-microbiology-infectious-diseases-23-26-april-2022-lisbon-portugal\/","name":"ECCMID 32nd European Congress of Clinical Microbiology & Infectious Diseases, 23-26 April 2022, Lisbon, Portugal - French\u00a0National ANTIBIOTIC RESISTANCE Portal","isPartOf":{"@id":"https:\/\/ppr-antibioresistance.inserm.fr\/en\/#website"},"primaryImageOfPage":{"@id":"https:\/\/ppr-antibioresistance.inserm.fr\/en\/info-communication\/events-conferences\/eccmid-32nd-european-congress-of-clinical-microbiology-infectious-diseases-23-26-april-2022-lisbon-portugal\/#primaryimage"},"image":{"@id":"https:\/\/ppr-antibioresistance.inserm.fr\/en\/info-communication\/events-conferences\/eccmid-32nd-european-congress-of-clinical-microbiology-infectious-diseases-23-26-april-2022-lisbon-portugal\/#primaryimage"},"thumbnailUrl":"https:\/\/ppr-antibioresistance.inserm.fr\/wp-content\/uploads\/2022\/01\/Lisbon.jpg","datePublished":"2022-01-05T13:25:43+00:00","dateModified":"2022-01-05T13:25:47+00:00","description":"Informations, \u00e9v\u00e8nements et actualit\u00e9s autour de l'Antibior\u00e9sistance en France et \u00e0 l'international.","breadcrumb":{"@id":"https:\/\/ppr-antibioresistance.inserm.fr\/en\/info-communication\/events-conferences\/eccmid-32nd-european-congress-of-clinical-microbiology-infectious-diseases-23-26-april-2022-lisbon-portugal\/#breadcrumb"},"inLanguage":"en-GB","potentialAction":[{"@type":"ReadAction","target":["https:\/\/ppr-antibioresistance.inserm.fr\/en\/info-communication\/events-conferences\/eccmid-32nd-european-congress-of-clinical-microbiology-infectious-diseases-23-26-april-2022-lisbon-portugal\/"]}]},{"@type":"ImageObject","inLanguage":"en-GB","@id":"https:\/\/ppr-antibioresistance.inserm.fr\/en\/info-communication\/events-conferences\/eccmid-32nd-european-congress-of-clinical-microbiology-infectious-diseases-23-26-april-2022-lisbon-portugal\/#primaryimage","url":"https:\/\/ppr-antibioresistance.inserm.fr\/wp-content\/uploads\/2022\/01\/Lisbon.jpg","contentUrl":"https:\/\/ppr-antibioresistance.inserm.fr\/wp-content\/uploads\/2022\/01\/Lisbon.jpg","width":921,"height":607,"caption":"Cr\u00e9dit : Pixabay"},{"@type":"BreadcrumbList","@id":"https:\/\/ppr-antibioresistance.inserm.fr\/en\/info-communication\/events-conferences\/eccmid-32nd-european-congress-of-clinical-microbiology-infectious-diseases-23-26-april-2022-lisbon-portugal\/#breadcrumb","itemListElement":[{"@type":"ListItem","position":1,"name":"Home","item":"https:\/\/ppr-antibioresistance.inserm.fr\/en\/"},{"@type":"ListItem","position":2,"name":"Practical info &amp; communications","item":"https:\/\/ppr-antibioresistance.inserm.fr\/en\/info-communication\/"},{"@type":"ListItem","position":3,"name":"Events &amp; Conferences","item":"https:\/\/ppr-antibioresistance.inserm.fr\/en\/info-communication\/events-conferences\/"},{"@type":"ListItem","position":4,"name":"ECCMID 32nd European Congress of Clinical Microbiology &#038; Infectious Diseases, 23-26 April 2022, Lisbon, Portugal"}]},{"@type":"WebSite","@id":"https:\/\/ppr-antibioresistance.inserm.fr\/en\/#website","url":"https:\/\/ppr-antibioresistance.inserm.fr\/en\/","name":"French\u00a0National ANTIBIOTIC RESISTANCE Portal","description":"INSERM - From science to health","publisher":{"@id":"https:\/\/ppr-antibioresistance.inserm.fr\/en\/#organization"},"potentialAction":[{"@type":"SearchAction","target":{"@type":"EntryPoint","urlTemplate":"https:\/\/ppr-antibioresistance.inserm.fr\/en\/?s={search_term_string}"},"query-input":"required name=search_term_string"}],"inLanguage":"en-GB"},{"@type":"Organization","@id":"https:\/\/ppr-antibioresistance.inserm.fr\/en\/#organization","name":"Inserm","url":"https:\/\/ppr-antibioresistance.inserm.fr\/en\/","logo":{"@type":"ImageObject","inLanguage":"en-GB","@id":"https:\/\/ppr-antibioresistance.inserm.fr\/en\/#\/schema\/logo\/image\/","url":"https:\/\/ppr-antibioresistance.inserm.fr\/wp-content\/uploads\/2020\/05\/logo-inserm-ppra.svg","contentUrl":"https:\/\/ppr-antibioresistance.inserm.fr\/wp-content\/uploads\/2020\/05\/logo-inserm-ppra.svg","width":1,"height":1,"caption":"Inserm"},"image":{"@id":"https:\/\/ppr-antibioresistance.inserm.fr\/en\/#\/schema\/logo\/image\/"}},{"@type":"Person","@id":"https:\/\/ppr-antibioresistance.inserm.fr\/en\/#\/schema\/person\/6ae79ca06cbeaec66ef5e976b54606b3","name":"\u00c9milie Noguez"}]}},"publishpress_future_action":{"enabled":false,"date":"2026-05-03 13:10:43","action":"change-status","newStatus":"private","terms":[],"taxonomy":"category"},"post_mailing_queue_ids":[],"_links":{"self":[{"href":"https:\/\/ppr-antibioresistance.inserm.fr\/en\/wp-json\/wp\/v2\/posts\/19663"}],"collection":[{"href":"https:\/\/ppr-antibioresistance.inserm.fr\/en\/wp-json\/wp\/v2\/posts"}],"about":[{"href":"https:\/\/ppr-antibioresistance.inserm.fr\/en\/wp-json\/wp\/v2\/types\/post"}],"author":[{"embeddable":true,"href":"https:\/\/ppr-antibioresistance.inserm.fr\/en\/wp-json\/wp\/v2\/users\/139"}],"replies":[{"embeddable":true,"href":"https:\/\/ppr-antibioresistance.inserm.fr\/en\/wp-json\/wp\/v2\/comments?post=19663"}],"version-history":[{"count":9,"href":"https:\/\/ppr-antibioresistance.inserm.fr\/en\/wp-json\/wp\/v2\/posts\/19663\/revisions"}],"predecessor-version":[{"id":19689,"href":"https:\/\/ppr-antibioresistance.inserm.fr\/en\/wp-json\/wp\/v2\/posts\/19663\/revisions\/19689"}],"wp:featuredmedia":[{"embeddable":true,"href":"https:\/\/ppr-antibioresistance.inserm.fr\/en\/wp-json\/wp\/v2\/media\/19681"}],"wp:attachment":[{"href":"https:\/\/ppr-antibioresistance.inserm.fr\/en\/wp-json\/wp\/v2\/media?parent=19663"}],"wp:term":[{"taxonomy":"category","embeddable":true,"href":"https:\/\/ppr-antibioresistance.inserm.fr\/en\/wp-json\/wp\/v2\/categories?post=19663"},{"taxonomy":"post_tag","embeddable":true,"href":"https:\/\/ppr-antibioresistance.inserm.fr\/en\/wp-json\/wp\/v2\/tags?post=19663"}],"curies":[{"name":"wp","href":"https:\/\/api.w.org\/{rel}","templated":true}]}}