{"id":18233,"date":"2021-10-22T13:33:28","date_gmt":"2021-10-22T12:33:28","guid":{"rendered":"https:\/\/ppr-antibioresistance.inserm.fr\/?p=18233"},"modified":"2021-10-22T13:33:32","modified_gmt":"2021-10-22T12:33:32","slug":"gsk-cede-des-activites-dans-les-antibiotiques-a-sandoz","status":"publish","type":"post","link":"https:\/\/ppr-antibioresistance.inserm.fr\/en\/informations-et-communications\/actualites\/gsk-cede-des-activites-dans-les-antibiotiques-a-sandoz\/","title":{"rendered":"GSK : c\u00e8de des activit\u00e9s dans les antibiotiques \u00e0 Sandoz"},"content":{"rendered":"\n<p>Article publi\u00e9 sur <a href=\"https:\/\/www.zonebourse.com\/cours\/action\/GLAXOSMITHKLINE-PLC-9590199\/actualite\/GSK-cede-des-activites-dans-les-antibiotiques-a-Sandoz-36653212\/\" target=\"_blank\" rel=\"noreferrer noopener\">Zonebourse.com<\/a> le 11 octobre 2021<\/p>\n\n\n\n<p>Sandoz, la filiale de g\u00e9n\u00e9riques de Novartis, a annonc\u00e9 lundi avoir finalis\u00e9 le rachat des activit\u00e9s de GlaxoSmithKline dans les antibiotiques c\u00e9phalosporines, une op\u00e9ration destin\u00e9e \u00e0 renforcer sa position de leader mondial des antibiotiques.<\/p>\n\n\n\n<p>L&#8217;accord comprend les droits mondiaux sur trois marques (Zinnat, Zinacef et Fortum) dans plus de 100 pays g\u00e9n\u00e9rant des ventes annuelles de quelque 140 millions de dollars.<\/p>\n\n\n\n<p>La transaction exclut les droits aux Etats-Unis, en Australie et en Allemagne sur certaines marques pr\u00e9c\u00e9demment c\u00e9d\u00e9es par GSK, ainsi que certains droits en Inde, au Pakistan, en Egypte, au Japon et en Chine, qui seront eux conserv\u00e9s par GSK.<\/p>\n\n\n\n<p>Sandoz avait annonc\u00e9 en d\u00e9but d&#8217;ann\u00e9e qu&#8217;il paierait 350 millions de dollars \u00e0 la cl\u00f4ture de l&#8217;op\u00e9ration, un montant auquel pourraient s&#8217;ajouter des paiements suppl\u00e9mentaires susceptibles d&#8217;atteindre 150 millions de dollars.<\/p>\n","protected":false},"excerpt":{"rendered":"<p>Article publi\u00e9 sur Zonebourse.com le 11 octobre 2021 Sandoz, la filiale de g\u00e9n\u00e9riques de Novartis, a annonc\u00e9 lundi avoir finalis\u00e9 le rachat des activit\u00e9s de GlaxoSmithKline dans les antibiotiques c\u00e9phalosporines, une op\u00e9ration destin\u00e9e \u00e0 renforcer sa position de leader mondial des antibiotiques. L&#8217;accord comprend les droits mondiaux sur trois marques (Zinnat, Zinacef et Fortum) dans [&hellip;]<\/p>\n","protected":false},"author":139,"featured_media":18239,"comment_status":"closed","ping_status":"open","sticky":false,"template":"","format":"standard","meta":{"footnotes":"","_links_to":"","_links_to_target":""},"categories":[31],"tags":[],"acf":[],"yoast_head":"<!-- This site is optimized with the Yoast SEO plugin v22.8 - https:\/\/yoast.com\/wordpress\/plugins\/seo\/ -->\n<title>GSK : c\u00e8de des activit\u00e9s dans les antibiotiques \u00e0 Sandoz - French\u00a0National ANTIBIOTIC RESISTANCE Portal<\/title>\n<meta name=\"description\" content=\"Informations, \u00e9v\u00e8nements et actualit\u00e9s autour de l&#039;Antibior\u00e9sistance en France et \u00e0 l&#039;international.\" \/>\n<meta name=\"robots\" content=\"index, follow, max-snippet:-1, max-image-preview:large, max-video-preview:-1\" \/>\n<link rel=\"canonical\" href=\"https:\/\/ppr-antibioresistance.inserm.fr\/en\/informations-et-communications\/actualites\/gsk-cede-des-activites-dans-les-antibiotiques-a-sandoz\/\" \/>\n<meta property=\"og:locale\" content=\"en_GB\" \/>\n<meta property=\"og:type\" content=\"article\" \/>\n<meta property=\"og:title\" content=\"GSK : c\u00e8de des activit\u00e9s dans les antibiotiques \u00e0 Sandoz - French\u00a0National ANTIBIOTIC RESISTANCE Portal\" \/>\n<meta property=\"og:description\" content=\"Informations, \u00e9v\u00e8nements et actualit\u00e9s autour de l&#039;Antibior\u00e9sistance en France et \u00e0 l&#039;international.\" \/>\n<meta property=\"og:url\" content=\"https:\/\/ppr-antibioresistance.inserm.fr\/en\/informations-et-communications\/actualites\/gsk-cede-des-activites-dans-les-antibiotiques-a-sandoz\/\" \/>\n<meta property=\"og:site_name\" content=\"French\u00a0National ANTIBIOTIC RESISTANCE Portal\" \/>\n<meta property=\"article:published_time\" content=\"2021-10-22T12:33:28+00:00\" \/>\n<meta property=\"article:modified_time\" content=\"2021-10-22T12:33:32+00:00\" \/>\n<meta property=\"og:image\" content=\"https:\/\/ppr-antibioresistance.inserm.fr\/wp-content\/uploads\/2021\/10\/Transaction.jpg\" \/>\n\t<meta property=\"og:image:width\" content=\"917\" \/>\n\t<meta property=\"og:image:height\" content=\"652\" \/>\n\t<meta property=\"og:image:type\" content=\"image\/jpeg\" \/>\n<meta name=\"author\" content=\"\u00c9milie Noguez\" \/>\n<meta name=\"twitter:card\" content=\"summary_large_image\" \/>\n<meta name=\"twitter:label1\" content=\"Written by\" \/>\n\t<meta name=\"twitter:data1\" content=\"\u00c9milie Noguez\" \/>\n\t<meta name=\"twitter:label2\" content=\"Estimated reading time\" \/>\n\t<meta name=\"twitter:data2\" content=\"1 minute\" \/>\n<script type=\"application\/ld+json\" class=\"yoast-schema-graph\">{\"@context\":\"https:\/\/schema.org\",\"@graph\":[{\"@type\":\"NewsArticle\",\"@id\":\"https:\/\/ppr-antibioresistance.inserm.fr\/en\/informations-et-communications\/actualites\/gsk-cede-des-activites-dans-les-antibiotiques-a-sandoz\/#article\",\"isPartOf\":{\"@id\":\"https:\/\/ppr-antibioresistance.inserm.fr\/en\/informations-et-communications\/actualites\/gsk-cede-des-activites-dans-les-antibiotiques-a-sandoz\/\"},\"author\":{\"name\":\"\u00c9milie Noguez\",\"@id\":\"https:\/\/ppr-antibioresistance.inserm.fr\/en\/#\/schema\/person\/6ae79ca06cbeaec66ef5e976b54606b3\"},\"headline\":\"GSK : c\u00e8de des activit\u00e9s dans les antibiotiques \u00e0 Sandoz\",\"datePublished\":\"2021-10-22T12:33:28+00:00\",\"dateModified\":\"2021-10-22T12:33:32+00:00\",\"mainEntityOfPage\":{\"@id\":\"https:\/\/ppr-antibioresistance.inserm.fr\/en\/informations-et-communications\/actualites\/gsk-cede-des-activites-dans-les-antibiotiques-a-sandoz\/\"},\"wordCount\":161,\"publisher\":{\"@id\":\"https:\/\/ppr-antibioresistance.inserm.fr\/en\/#organization\"},\"image\":{\"@id\":\"https:\/\/ppr-antibioresistance.inserm.fr\/en\/informations-et-communications\/actualites\/gsk-cede-des-activites-dans-les-antibiotiques-a-sandoz\/#primaryimage\"},\"thumbnailUrl\":\"https:\/\/ppr-antibioresistance.inserm.fr\/wp-content\/uploads\/2021\/10\/Transaction.jpg\",\"articleSection\":[\"Actualit\u00e9s\"],\"inLanguage\":\"en-GB\"},{\"@type\":[\"WebPage\",\"ItemPage\"],\"@id\":\"https:\/\/ppr-antibioresistance.inserm.fr\/en\/informations-et-communications\/actualites\/gsk-cede-des-activites-dans-les-antibiotiques-a-sandoz\/\",\"url\":\"https:\/\/ppr-antibioresistance.inserm.fr\/en\/informations-et-communications\/actualites\/gsk-cede-des-activites-dans-les-antibiotiques-a-sandoz\/\",\"name\":\"GSK : c\u00e8de des activit\u00e9s dans les antibiotiques \u00e0 Sandoz - French\u00a0National ANTIBIOTIC RESISTANCE Portal\",\"isPartOf\":{\"@id\":\"https:\/\/ppr-antibioresistance.inserm.fr\/en\/#website\"},\"primaryImageOfPage\":{\"@id\":\"https:\/\/ppr-antibioresistance.inserm.fr\/en\/informations-et-communications\/actualites\/gsk-cede-des-activites-dans-les-antibiotiques-a-sandoz\/#primaryimage\"},\"image\":{\"@id\":\"https:\/\/ppr-antibioresistance.inserm.fr\/en\/informations-et-communications\/actualites\/gsk-cede-des-activites-dans-les-antibiotiques-a-sandoz\/#primaryimage\"},\"thumbnailUrl\":\"https:\/\/ppr-antibioresistance.inserm.fr\/wp-content\/uploads\/2021\/10\/Transaction.jpg\",\"datePublished\":\"2021-10-22T12:33:28+00:00\",\"dateModified\":\"2021-10-22T12:33:32+00:00\",\"description\":\"Informations, \u00e9v\u00e8nements et actualit\u00e9s autour de l'Antibior\u00e9sistance en France et \u00e0 l'international.\",\"breadcrumb\":{\"@id\":\"https:\/\/ppr-antibioresistance.inserm.fr\/en\/informations-et-communications\/actualites\/gsk-cede-des-activites-dans-les-antibiotiques-a-sandoz\/#breadcrumb\"},\"inLanguage\":\"en-GB\",\"potentialAction\":[{\"@type\":\"ReadAction\",\"target\":[\"https:\/\/ppr-antibioresistance.inserm.fr\/en\/informations-et-communications\/actualites\/gsk-cede-des-activites-dans-les-antibiotiques-a-sandoz\/\"]}]},{\"@type\":\"ImageObject\",\"inLanguage\":\"en-GB\",\"@id\":\"https:\/\/ppr-antibioresistance.inserm.fr\/en\/informations-et-communications\/actualites\/gsk-cede-des-activites-dans-les-antibiotiques-a-sandoz\/#primaryimage\",\"url\":\"https:\/\/ppr-antibioresistance.inserm.fr\/wp-content\/uploads\/2021\/10\/Transaction.jpg\",\"contentUrl\":\"https:\/\/ppr-antibioresistance.inserm.fr\/wp-content\/uploads\/2021\/10\/Transaction.jpg\",\"width\":917,\"height\":652,\"caption\":\"Cr\u00e9dit : Pixabay\"},{\"@type\":\"BreadcrumbList\",\"@id\":\"https:\/\/ppr-antibioresistance.inserm.fr\/en\/informations-et-communications\/actualites\/gsk-cede-des-activites-dans-les-antibiotiques-a-sandoz\/#breadcrumb\",\"itemListElement\":[{\"@type\":\"ListItem\",\"position\":1,\"name\":\"Home\",\"item\":\"https:\/\/ppr-antibioresistance.inserm.fr\/en\/\"},{\"@type\":\"ListItem\",\"position\":2,\"name\":\"Practical info &amp; communications\",\"item\":\"https:\/\/ppr-antibioresistance.inserm.fr\/en\/info-communication\/\"},{\"@type\":\"ListItem\",\"position\":3,\"name\":\"News\",\"item\":\"https:\/\/ppr-antibioresistance.inserm.fr\/en\/info-communication\/news\/\"},{\"@type\":\"ListItem\",\"position\":4,\"name\":\"GSK : c\u00e8de des activit\u00e9s dans les antibiotiques \u00e0 Sandoz\"}]},{\"@type\":\"WebSite\",\"@id\":\"https:\/\/ppr-antibioresistance.inserm.fr\/en\/#website\",\"url\":\"https:\/\/ppr-antibioresistance.inserm.fr\/en\/\",\"name\":\"French\u00a0National ANTIBIOTIC RESISTANCE Portal\",\"description\":\"INSERM - From science to health\",\"publisher\":{\"@id\":\"https:\/\/ppr-antibioresistance.inserm.fr\/en\/#organization\"},\"potentialAction\":[{\"@type\":\"SearchAction\",\"target\":{\"@type\":\"EntryPoint\",\"urlTemplate\":\"https:\/\/ppr-antibioresistance.inserm.fr\/en\/?s={search_term_string}\"},\"query-input\":\"required name=search_term_string\"}],\"inLanguage\":\"en-GB\"},{\"@type\":\"Organization\",\"@id\":\"https:\/\/ppr-antibioresistance.inserm.fr\/en\/#organization\",\"name\":\"Inserm\",\"url\":\"https:\/\/ppr-antibioresistance.inserm.fr\/en\/\",\"logo\":{\"@type\":\"ImageObject\",\"inLanguage\":\"en-GB\",\"@id\":\"https:\/\/ppr-antibioresistance.inserm.fr\/en\/#\/schema\/logo\/image\/\",\"url\":\"https:\/\/ppr-antibioresistance.inserm.fr\/wp-content\/uploads\/2020\/05\/logo-inserm-ppra.svg\",\"contentUrl\":\"https:\/\/ppr-antibioresistance.inserm.fr\/wp-content\/uploads\/2020\/05\/logo-inserm-ppra.svg\",\"width\":1,\"height\":1,\"caption\":\"Inserm\"},\"image\":{\"@id\":\"https:\/\/ppr-antibioresistance.inserm.fr\/en\/#\/schema\/logo\/image\/\"}},{\"@type\":\"Person\",\"@id\":\"https:\/\/ppr-antibioresistance.inserm.fr\/en\/#\/schema\/person\/6ae79ca06cbeaec66ef5e976b54606b3\",\"name\":\"\u00c9milie Noguez\"}]}<\/script>\n<!-- \/ Yoast SEO plugin. -->","yoast_head_json":{"title":"GSK : c\u00e8de des activit\u00e9s dans les antibiotiques \u00e0 Sandoz - French\u00a0National ANTIBIOTIC RESISTANCE Portal","description":"Informations, \u00e9v\u00e8nements et actualit\u00e9s autour de l'Antibior\u00e9sistance en France et \u00e0 l'international.","robots":{"index":"index","follow":"follow","max-snippet":"max-snippet:-1","max-image-preview":"max-image-preview:large","max-video-preview":"max-video-preview:-1"},"canonical":"https:\/\/ppr-antibioresistance.inserm.fr\/en\/informations-et-communications\/actualites\/gsk-cede-des-activites-dans-les-antibiotiques-a-sandoz\/","og_locale":"en_GB","og_type":"article","og_title":"GSK : c\u00e8de des activit\u00e9s dans les antibiotiques \u00e0 Sandoz - French\u00a0National ANTIBIOTIC RESISTANCE Portal","og_description":"Informations, \u00e9v\u00e8nements et actualit\u00e9s autour de l'Antibior\u00e9sistance en France et \u00e0 l'international.","og_url":"https:\/\/ppr-antibioresistance.inserm.fr\/en\/informations-et-communications\/actualites\/gsk-cede-des-activites-dans-les-antibiotiques-a-sandoz\/","og_site_name":"French\u00a0National ANTIBIOTIC RESISTANCE Portal","article_published_time":"2021-10-22T12:33:28+00:00","article_modified_time":"2021-10-22T12:33:32+00:00","og_image":[{"width":917,"height":652,"url":"https:\/\/ppr-antibioresistance.inserm.fr\/wp-content\/uploads\/2021\/10\/Transaction.jpg","type":"image\/jpeg"}],"author":"\u00c9milie Noguez","twitter_card":"summary_large_image","twitter_misc":{"Written by":"\u00c9milie Noguez","Estimated reading time":"1 minute"},"schema":{"@context":"https:\/\/schema.org","@graph":[{"@type":"NewsArticle","@id":"https:\/\/ppr-antibioresistance.inserm.fr\/en\/informations-et-communications\/actualites\/gsk-cede-des-activites-dans-les-antibiotiques-a-sandoz\/#article","isPartOf":{"@id":"https:\/\/ppr-antibioresistance.inserm.fr\/en\/informations-et-communications\/actualites\/gsk-cede-des-activites-dans-les-antibiotiques-a-sandoz\/"},"author":{"name":"\u00c9milie Noguez","@id":"https:\/\/ppr-antibioresistance.inserm.fr\/en\/#\/schema\/person\/6ae79ca06cbeaec66ef5e976b54606b3"},"headline":"GSK : c\u00e8de des activit\u00e9s dans les antibiotiques \u00e0 Sandoz","datePublished":"2021-10-22T12:33:28+00:00","dateModified":"2021-10-22T12:33:32+00:00","mainEntityOfPage":{"@id":"https:\/\/ppr-antibioresistance.inserm.fr\/en\/informations-et-communications\/actualites\/gsk-cede-des-activites-dans-les-antibiotiques-a-sandoz\/"},"wordCount":161,"publisher":{"@id":"https:\/\/ppr-antibioresistance.inserm.fr\/en\/#organization"},"image":{"@id":"https:\/\/ppr-antibioresistance.inserm.fr\/en\/informations-et-communications\/actualites\/gsk-cede-des-activites-dans-les-antibiotiques-a-sandoz\/#primaryimage"},"thumbnailUrl":"https:\/\/ppr-antibioresistance.inserm.fr\/wp-content\/uploads\/2021\/10\/Transaction.jpg","articleSection":["Actualit\u00e9s"],"inLanguage":"en-GB"},{"@type":["WebPage","ItemPage"],"@id":"https:\/\/ppr-antibioresistance.inserm.fr\/en\/informations-et-communications\/actualites\/gsk-cede-des-activites-dans-les-antibiotiques-a-sandoz\/","url":"https:\/\/ppr-antibioresistance.inserm.fr\/en\/informations-et-communications\/actualites\/gsk-cede-des-activites-dans-les-antibiotiques-a-sandoz\/","name":"GSK : c\u00e8de des activit\u00e9s dans les antibiotiques \u00e0 Sandoz - French\u00a0National ANTIBIOTIC RESISTANCE Portal","isPartOf":{"@id":"https:\/\/ppr-antibioresistance.inserm.fr\/en\/#website"},"primaryImageOfPage":{"@id":"https:\/\/ppr-antibioresistance.inserm.fr\/en\/informations-et-communications\/actualites\/gsk-cede-des-activites-dans-les-antibiotiques-a-sandoz\/#primaryimage"},"image":{"@id":"https:\/\/ppr-antibioresistance.inserm.fr\/en\/informations-et-communications\/actualites\/gsk-cede-des-activites-dans-les-antibiotiques-a-sandoz\/#primaryimage"},"thumbnailUrl":"https:\/\/ppr-antibioresistance.inserm.fr\/wp-content\/uploads\/2021\/10\/Transaction.jpg","datePublished":"2021-10-22T12:33:28+00:00","dateModified":"2021-10-22T12:33:32+00:00","description":"Informations, \u00e9v\u00e8nements et actualit\u00e9s autour de l'Antibior\u00e9sistance en France et \u00e0 l'international.","breadcrumb":{"@id":"https:\/\/ppr-antibioresistance.inserm.fr\/en\/informations-et-communications\/actualites\/gsk-cede-des-activites-dans-les-antibiotiques-a-sandoz\/#breadcrumb"},"inLanguage":"en-GB","potentialAction":[{"@type":"ReadAction","target":["https:\/\/ppr-antibioresistance.inserm.fr\/en\/informations-et-communications\/actualites\/gsk-cede-des-activites-dans-les-antibiotiques-a-sandoz\/"]}]},{"@type":"ImageObject","inLanguage":"en-GB","@id":"https:\/\/ppr-antibioresistance.inserm.fr\/en\/informations-et-communications\/actualites\/gsk-cede-des-activites-dans-les-antibiotiques-a-sandoz\/#primaryimage","url":"https:\/\/ppr-antibioresistance.inserm.fr\/wp-content\/uploads\/2021\/10\/Transaction.jpg","contentUrl":"https:\/\/ppr-antibioresistance.inserm.fr\/wp-content\/uploads\/2021\/10\/Transaction.jpg","width":917,"height":652,"caption":"Cr\u00e9dit : Pixabay"},{"@type":"BreadcrumbList","@id":"https:\/\/ppr-antibioresistance.inserm.fr\/en\/informations-et-communications\/actualites\/gsk-cede-des-activites-dans-les-antibiotiques-a-sandoz\/#breadcrumb","itemListElement":[{"@type":"ListItem","position":1,"name":"Home","item":"https:\/\/ppr-antibioresistance.inserm.fr\/en\/"},{"@type":"ListItem","position":2,"name":"Practical info &amp; communications","item":"https:\/\/ppr-antibioresistance.inserm.fr\/en\/info-communication\/"},{"@type":"ListItem","position":3,"name":"News","item":"https:\/\/ppr-antibioresistance.inserm.fr\/en\/info-communication\/news\/"},{"@type":"ListItem","position":4,"name":"GSK : c\u00e8de des activit\u00e9s dans les antibiotiques \u00e0 Sandoz"}]},{"@type":"WebSite","@id":"https:\/\/ppr-antibioresistance.inserm.fr\/en\/#website","url":"https:\/\/ppr-antibioresistance.inserm.fr\/en\/","name":"French\u00a0National ANTIBIOTIC RESISTANCE Portal","description":"INSERM - From science to health","publisher":{"@id":"https:\/\/ppr-antibioresistance.inserm.fr\/en\/#organization"},"potentialAction":[{"@type":"SearchAction","target":{"@type":"EntryPoint","urlTemplate":"https:\/\/ppr-antibioresistance.inserm.fr\/en\/?s={search_term_string}"},"query-input":"required name=search_term_string"}],"inLanguage":"en-GB"},{"@type":"Organization","@id":"https:\/\/ppr-antibioresistance.inserm.fr\/en\/#organization","name":"Inserm","url":"https:\/\/ppr-antibioresistance.inserm.fr\/en\/","logo":{"@type":"ImageObject","inLanguage":"en-GB","@id":"https:\/\/ppr-antibioresistance.inserm.fr\/en\/#\/schema\/logo\/image\/","url":"https:\/\/ppr-antibioresistance.inserm.fr\/wp-content\/uploads\/2020\/05\/logo-inserm-ppra.svg","contentUrl":"https:\/\/ppr-antibioresistance.inserm.fr\/wp-content\/uploads\/2020\/05\/logo-inserm-ppra.svg","width":1,"height":1,"caption":"Inserm"},"image":{"@id":"https:\/\/ppr-antibioresistance.inserm.fr\/en\/#\/schema\/logo\/image\/"}},{"@type":"Person","@id":"https:\/\/ppr-antibioresistance.inserm.fr\/en\/#\/schema\/person\/6ae79ca06cbeaec66ef5e976b54606b3","name":"\u00c9milie Noguez"}]}},"publishpress_future_action":{"enabled":false,"date":"2026-05-07 03:50:54","action":"change-status","newStatus":"private","terms":[],"taxonomy":"category"},"post_mailing_queue_ids":[],"_links":{"self":[{"href":"https:\/\/ppr-antibioresistance.inserm.fr\/en\/wp-json\/wp\/v2\/posts\/18233"}],"collection":[{"href":"https:\/\/ppr-antibioresistance.inserm.fr\/en\/wp-json\/wp\/v2\/posts"}],"about":[{"href":"https:\/\/ppr-antibioresistance.inserm.fr\/en\/wp-json\/wp\/v2\/types\/post"}],"author":[{"embeddable":true,"href":"https:\/\/ppr-antibioresistance.inserm.fr\/en\/wp-json\/wp\/v2\/users\/139"}],"replies":[{"embeddable":true,"href":"https:\/\/ppr-antibioresistance.inserm.fr\/en\/wp-json\/wp\/v2\/comments?post=18233"}],"version-history":[{"count":5,"href":"https:\/\/ppr-antibioresistance.inserm.fr\/en\/wp-json\/wp\/v2\/posts\/18233\/revisions"}],"predecessor-version":[{"id":18247,"href":"https:\/\/ppr-antibioresistance.inserm.fr\/en\/wp-json\/wp\/v2\/posts\/18233\/revisions\/18247"}],"wp:featuredmedia":[{"embeddable":true,"href":"https:\/\/ppr-antibioresistance.inserm.fr\/en\/wp-json\/wp\/v2\/media\/18239"}],"wp:attachment":[{"href":"https:\/\/ppr-antibioresistance.inserm.fr\/en\/wp-json\/wp\/v2\/media?parent=18233"}],"wp:term":[{"taxonomy":"category","embeddable":true,"href":"https:\/\/ppr-antibioresistance.inserm.fr\/en\/wp-json\/wp\/v2\/categories?post=18233"},{"taxonomy":"post_tag","embeddable":true,"href":"https:\/\/ppr-antibioresistance.inserm.fr\/en\/wp-json\/wp\/v2\/tags?post=18233"}],"curies":[{"name":"wp","href":"https:\/\/api.w.org\/{rel}","templated":true}]}}