{"id":13401,"date":"2020-12-14T13:10:00","date_gmt":"2020-12-14T12:10:00","guid":{"rendered":"https:\/\/ppr-antibioresistance.inserm.fr\/?p=13401"},"modified":"2021-06-28T15:21:08","modified_gmt":"2021-06-28T14:21:08","slug":"editorial-by-evelyne-jouvin-marche","status":"publish","type":"post","link":"https:\/\/ppr-antibioresistance.inserm.fr\/en\/editorials\/editorial-by-evelyne-jouvin-marche\/","title":{"rendered":"Editorial by \u00c9velyne Jouvin-Marche"},"content":{"rendered":"<p>At the time of writing in March 2020, the world is facing an escalating and unprecedented health crisis caused by the emergence of a novel virus: SARS-CoV-2. A period that coincides with the launch of our project to create the <strong>National<\/strong> <strong>Antibiotic Resistance portal<\/strong>. Although we have no treatments for this novel virus so far, we do have antibiotics to combat most bacteria. And yet, according to the World Health Organization, drug-resistant bacteria are responsible for 700,000\u00a0deaths each year. If nothing is done by the year 2050, we could be looking at an annual figure of 10\u00a0million. Whether we are talking about viruses or resistant bacteria, urgent action is needed with the war on antibiotic resistance being more relevant than ever.<\/p>\n<p>Despite the constraints imposed by lockdown, the following have worked with me from their respective homes to make this project a reality:<\/p>\n<ul>\n<li>Guia Carrara and Erica Telford \u2013 my colleagues at <a href=\"https:\/\/i3m.aviesan.fr\/\" target=\"_blank\" rel=\"noopener\">ITMO I3M<\/a><\/li>\n<li>Myriem Belkacem from the Communication Department at Inserm, headed by Carine Delrieu<\/li>\n<li>Taher Benromdhane and Djamel Bahamid from the Information System Department at Inserm, headed by Sammy Sahnoune<\/li>\n<\/ul>\n<p>In terms of outsourcing, we have been able to count on both the competence and depth of engagement of Emmanuel Auchet, Eric Blanc and Gloria Fernandes at the health communication agency <a href=\"https:\/\/www.mlcom.fr\/\" target=\"_blank\" rel=\"noopener\">ML Com<\/a>, headed by Christian Ferreira.<\/p>\n<p>In November 2020, we welcomed a new member to the team: Emilie Noguez (<a href=\"https:\/\/i3m.aviesan.fr\/\" target=\"_blank\" rel=\"noopener\">ITMO I3M<\/a>).<\/p>\n<p>What better way to fight bacteria and their resistance that knows no frontiers than to unite and mobilise expertise and strengths from a variety of horizons? This is the driving force of the National Antibiotic Resistance Portal, which has been designed and created to offer each actor the resources needed to win this war: an inventory of researchers and healthcare professionals, the visibility of scientific research and information derived from the academic and private sectors (pharmaceutical industries and startups), healthcare industry associations, and clinical trials.<\/p>\n<p>The objectives set out by the National Roadmap for Controlling Antibiotic Resistance and by the Healthcare Industries and Technologies Strategic Committee (<em>Comit\u00e9 strat\u00e9gique de fili\u00e8re industries et technologies de sant\u00e9 &#8211; CSF<\/em>) notably concern the <strong>mapping of French research forces<\/strong>\u00a0and a\u00a0<strong>portal to pool information on antibiotic resistance<\/strong>.<\/p>\n<p>The National Antibiotic Resistance portal, a shared, intersectoral and interactive website taking a One Health approach, offers you:<\/p>\n<ul>\n<li>a\u00a0<a href=\"https:\/\/ppr-antibioresistance.inserm.fr\/en\/forces-de-recherche-francaises\/les-equipes\/\" target=\"_blank\" rel=\"noopener\"><strong><u>national database<\/u><\/strong><\/a>\u00a0of the principal antibiotic resistance actors in France: researchers, national reference centres (CNR), biotechs, manufacturers, institutions, infectious diseases clinical investigation centres (CIC),<\/li>\n<li>a\u00a0<a href=\"https:\/\/ppr-antibioresistance.inserm.fr\/en\/scientific-watch\/\" target=\"_blank\" rel=\"noopener\"><strong>&#8216;<u>Scientific literature watch&#8217;<\/u><\/strong><\/a> section listing French and international publications dedicated to antibiotic resistance,<\/li>\n<li><a href=\"https:\/\/ppr-antibioresistance.inserm.fr\/en\/french-research-forces\/research-themes-at-a-glance\/\" target=\"_blank\" rel=\"noopener\"><strong><u>&#8216;The research themes at a glance&#8217;<\/u><\/strong><\/a>, a section giving access to an automated bibliometric analysis of <em>Web of Science<\/em>\u00a0data covering French research teams,<\/li>\n<li>a<a href=\"https:\/\/ppr-antibioresistance.inserm.fr\/en\/info-communication\/\" target=\"_blank\" rel=\"noopener\"><strong> <u>&#8216;Practical info &amp; communications\u2019<\/u><\/strong><\/a> page dedicated to events, conferences, webinars and calls for cross-disciplinary projects in relation to antibiotic resistance,<\/li>\n<li>a tab presenting the website\u2019s <a href=\"https:\/\/ppr-antibioresistance.inserm.fr\/en\/partners\/\" target=\"_blank\" rel=\"noopener\"><strong><u>governing bodies and partners<\/u><\/strong><\/a><u>,<\/u><\/li>\n<li>a comprehensive overview of the French National <strong><a href=\"https:\/\/ppr-antibioresistance.inserm.fr\/en\/antibiotic-resistance-priority-research-programme\/objectives-of-the-antibiotic-resistance-programme\/\" target=\"_blank\" rel=\"noopener\"><u>Priority Research Programme (<em>Programme Prioritaire de Recherche, <\/em>PPR)<\/u> on Antibiotic Resistance<\/a>.<\/strong><\/li>\n<\/ul>\n<p>and finally, a <a href=\"https:\/\/ppr-antibioresistance.inserm.fr\/en\/jobs-training\/\" target=\"_blank\" rel=\"noopener\"><u><b>Job opportunities section<\/b><\/u><\/a>\u00a0which is coming soon. An English translation of the website is planned for 2021.<\/p>\n<p>Having laid the foundations for this portal, we hope that many of you will join us in this initiative. Remember that this is your communication tool and it can only evolve and thrive thanks to your contributions and shared knowledge and know-how, to master this new discipline of antibiotic resistance that has invited itself into our modern world.<\/p>\n<p>One last word just to say <strong>thank you<\/strong>\u00a0to all those who have helped build this website during a period in which, despite the upheaval, we have acquired different ways of working whilst preserving the shared values of serenity, rigour, attentiveness to others and constant dialogue.\u00a0<strong>A big thank-you also<\/strong>\u00a0to the Inserm management team, Deputy Director General Claire Giry and Chief Executive Officer Gilles Bloch, as well as to <a href=\"https:\/\/i3m.aviesan.fr\/\" target=\"_blank\" rel=\"noopener\">ITMO I3M<\/a> Director Yazdan Yazdanpanah, for having placed their trust in me.<\/p>\n<p style=\"text-align: right;\"><em>Published on 14 December 2020<\/em><\/p>\n","protected":false},"excerpt":{"rendered":"<p>At the time of writing in March 2020, the world is facing an escalating and unprecedented health crisis caused by the emergence of a novel virus: SARS-CoV-2. A period that coincides with the launch of our project to create the National Antibiotic Resistance portal. Although we have no treatments for this novel virus so far, [&hellip;]<\/p>\n","protected":false},"author":1,"featured_media":10981,"comment_status":"closed","ping_status":"open","sticky":false,"template":"","format":"standard","meta":{"footnotes":"","_links_to":"","_links_to_target":""},"categories":[3343],"tags":[],"acf":[],"yoast_head":"<!-- This site is optimized with the Yoast SEO plugin v22.8 - https:\/\/yoast.com\/wordpress\/plugins\/seo\/ -->\n<title>Editorial by \u00c9velyne Jouvin-Marche - French\u00a0National ANTIBIOTIC RESISTANCE Portal<\/title>\n<meta name=\"description\" content=\"Informations, \u00e9v\u00e8nements et actualit\u00e9s autour de l&#039;Antibior\u00e9sistance en France et \u00e0 l&#039;international.\" \/>\n<meta name=\"robots\" content=\"index, follow, max-snippet:-1, max-image-preview:large, max-video-preview:-1\" \/>\n<link rel=\"canonical\" href=\"https:\/\/ppr-antibioresistance.inserm.fr\/en\/editorials\/editorial-by-evelyne-jouvin-marche\/\" \/>\n<meta property=\"og:locale\" content=\"en_GB\" \/>\n<meta property=\"og:type\" content=\"article\" \/>\n<meta property=\"og:title\" content=\"Editorial by \u00c9velyne Jouvin-Marche - French\u00a0National ANTIBIOTIC RESISTANCE Portal\" \/>\n<meta property=\"og:description\" content=\"Informations, \u00e9v\u00e8nements et actualit\u00e9s autour de l&#039;Antibior\u00e9sistance en France et \u00e0 l&#039;international.\" \/>\n<meta property=\"og:url\" content=\"https:\/\/ppr-antibioresistance.inserm.fr\/en\/editorials\/editorial-by-evelyne-jouvin-marche\/\" \/>\n<meta property=\"og:site_name\" content=\"French\u00a0National ANTIBIOTIC RESISTANCE Portal\" \/>\n<meta property=\"article:published_time\" content=\"2020-12-14T12:10:00+00:00\" \/>\n<meta property=\"article:modified_time\" content=\"2021-06-28T14:21:08+00:00\" \/>\n<meta property=\"og:image\" content=\"https:\/\/ppr-antibioresistance.inserm.fr\/wp-content\/uploads\/2020\/12\/PortraitEvelyneJouvinMarche-scaled.jpg\" \/>\n\t<meta property=\"og:image:width\" content=\"2560\" \/>\n\t<meta property=\"og:image:height\" content=\"1703\" \/>\n\t<meta property=\"og:image:type\" content=\"image\/jpeg\" \/>\n<meta name=\"author\" content=\"Emmanuel Auchet\" \/>\n<meta name=\"twitter:card\" content=\"summary_large_image\" \/>\n<meta name=\"twitter:label1\" content=\"Written by\" \/>\n\t<meta name=\"twitter:data1\" content=\"Emmanuel Auchet\" \/>\n\t<meta name=\"twitter:label2\" content=\"Estimated reading time\" \/>\n\t<meta name=\"twitter:data2\" content=\"3 minutes\" \/>\n<script type=\"application\/ld+json\" class=\"yoast-schema-graph\">{\"@context\":\"https:\/\/schema.org\",\"@graph\":[{\"@type\":\"NewsArticle\",\"@id\":\"https:\/\/ppr-antibioresistance.inserm.fr\/en\/editorials\/editorial-by-evelyne-jouvin-marche\/#article\",\"isPartOf\":{\"@id\":\"https:\/\/ppr-antibioresistance.inserm.fr\/en\/editorials\/editorial-by-evelyne-jouvin-marche\/\"},\"author\":{\"name\":\"Emmanuel Auchet\",\"@id\":\"https:\/\/ppr-antibioresistance.inserm.fr\/en\/#\/schema\/person\/dddace6035f5329dbab637f17f7a1ff8\"},\"headline\":\"Editorial by \u00c9velyne Jouvin-Marche\",\"datePublished\":\"2020-12-14T12:10:00+00:00\",\"dateModified\":\"2021-06-28T14:21:08+00:00\",\"mainEntityOfPage\":{\"@id\":\"https:\/\/ppr-antibioresistance.inserm.fr\/en\/editorials\/editorial-by-evelyne-jouvin-marche\/\"},\"wordCount\":665,\"publisher\":{\"@id\":\"https:\/\/ppr-antibioresistance.inserm.fr\/en\/#organization\"},\"image\":{\"@id\":\"https:\/\/ppr-antibioresistance.inserm.fr\/en\/editorials\/editorial-by-evelyne-jouvin-marche\/#primaryimage\"},\"thumbnailUrl\":\"https:\/\/ppr-antibioresistance.inserm.fr\/wp-content\/uploads\/2020\/12\/PortraitEvelyneJouvinMarche-scaled.jpg\",\"articleSection\":[\"Editorials\"],\"inLanguage\":\"en-GB\"},{\"@type\":[\"WebPage\",\"ItemPage\"],\"@id\":\"https:\/\/ppr-antibioresistance.inserm.fr\/en\/editorials\/editorial-by-evelyne-jouvin-marche\/\",\"url\":\"https:\/\/ppr-antibioresistance.inserm.fr\/en\/editorials\/editorial-by-evelyne-jouvin-marche\/\",\"name\":\"Editorial by \u00c9velyne Jouvin-Marche - French\u00a0National ANTIBIOTIC RESISTANCE Portal\",\"isPartOf\":{\"@id\":\"https:\/\/ppr-antibioresistance.inserm.fr\/en\/#website\"},\"primaryImageOfPage\":{\"@id\":\"https:\/\/ppr-antibioresistance.inserm.fr\/en\/editorials\/editorial-by-evelyne-jouvin-marche\/#primaryimage\"},\"image\":{\"@id\":\"https:\/\/ppr-antibioresistance.inserm.fr\/en\/editorials\/editorial-by-evelyne-jouvin-marche\/#primaryimage\"},\"thumbnailUrl\":\"https:\/\/ppr-antibioresistance.inserm.fr\/wp-content\/uploads\/2020\/12\/PortraitEvelyneJouvinMarche-scaled.jpg\",\"datePublished\":\"2020-12-14T12:10:00+00:00\",\"dateModified\":\"2021-06-28T14:21:08+00:00\",\"description\":\"Informations, \u00e9v\u00e8nements et actualit\u00e9s autour de l'Antibior\u00e9sistance en France et \u00e0 l'international.\",\"breadcrumb\":{\"@id\":\"https:\/\/ppr-antibioresistance.inserm.fr\/en\/editorials\/editorial-by-evelyne-jouvin-marche\/#breadcrumb\"},\"inLanguage\":\"en-GB\",\"potentialAction\":[{\"@type\":\"ReadAction\",\"target\":[\"https:\/\/ppr-antibioresistance.inserm.fr\/en\/editorials\/editorial-by-evelyne-jouvin-marche\/\"]}]},{\"@type\":\"ImageObject\",\"inLanguage\":\"en-GB\",\"@id\":\"https:\/\/ppr-antibioresistance.inserm.fr\/en\/editorials\/editorial-by-evelyne-jouvin-marche\/#primaryimage\",\"url\":\"https:\/\/ppr-antibioresistance.inserm.fr\/wp-content\/uploads\/2020\/12\/PortraitEvelyneJouvinMarche-scaled.jpg\",\"contentUrl\":\"https:\/\/ppr-antibioresistance.inserm.fr\/wp-content\/uploads\/2020\/12\/PortraitEvelyneJouvinMarche-scaled.jpg\",\"width\":2560,\"height\":1703,\"caption\":\"\u00a9Inserm\/Fran\u00e7ois Gu\u00e9net\"},{\"@type\":\"BreadcrumbList\",\"@id\":\"https:\/\/ppr-antibioresistance.inserm.fr\/en\/editorials\/editorial-by-evelyne-jouvin-marche\/#breadcrumb\",\"itemListElement\":[{\"@type\":\"ListItem\",\"position\":1,\"name\":\"Home\",\"item\":\"https:\/\/ppr-antibioresistance.inserm.fr\/en\/\"},{\"@type\":\"ListItem\",\"position\":2,\"name\":\"Editorials\",\"item\":\"https:\/\/ppr-antibioresistance.inserm.fr\/en\/editorials\/\"},{\"@type\":\"ListItem\",\"position\":3,\"name\":\"Editorial by \u00c9velyne Jouvin-Marche\"}]},{\"@type\":\"WebSite\",\"@id\":\"https:\/\/ppr-antibioresistance.inserm.fr\/en\/#website\",\"url\":\"https:\/\/ppr-antibioresistance.inserm.fr\/en\/\",\"name\":\"French\u00a0National ANTIBIOTIC RESISTANCE Portal\",\"description\":\"INSERM - From science to health\",\"publisher\":{\"@id\":\"https:\/\/ppr-antibioresistance.inserm.fr\/en\/#organization\"},\"potentialAction\":[{\"@type\":\"SearchAction\",\"target\":{\"@type\":\"EntryPoint\",\"urlTemplate\":\"https:\/\/ppr-antibioresistance.inserm.fr\/en\/?s={search_term_string}\"},\"query-input\":\"required name=search_term_string\"}],\"inLanguage\":\"en-GB\"},{\"@type\":\"Organization\",\"@id\":\"https:\/\/ppr-antibioresistance.inserm.fr\/en\/#organization\",\"name\":\"Inserm\",\"url\":\"https:\/\/ppr-antibioresistance.inserm.fr\/en\/\",\"logo\":{\"@type\":\"ImageObject\",\"inLanguage\":\"en-GB\",\"@id\":\"https:\/\/ppr-antibioresistance.inserm.fr\/en\/#\/schema\/logo\/image\/\",\"url\":\"https:\/\/ppr-antibioresistance.inserm.fr\/wp-content\/uploads\/2020\/05\/logo-inserm-ppra.svg\",\"contentUrl\":\"https:\/\/ppr-antibioresistance.inserm.fr\/wp-content\/uploads\/2020\/05\/logo-inserm-ppra.svg\",\"width\":1,\"height\":1,\"caption\":\"Inserm\"},\"image\":{\"@id\":\"https:\/\/ppr-antibioresistance.inserm.fr\/en\/#\/schema\/logo\/image\/\"}},{\"@type\":\"Person\",\"@id\":\"https:\/\/ppr-antibioresistance.inserm.fr\/en\/#\/schema\/person\/dddace6035f5329dbab637f17f7a1ff8\",\"name\":\"Emmanuel Auchet\"}]}<\/script>\n<!-- \/ Yoast SEO plugin. -->","yoast_head_json":{"title":"Editorial by \u00c9velyne Jouvin-Marche - French\u00a0National ANTIBIOTIC RESISTANCE Portal","description":"Informations, \u00e9v\u00e8nements et actualit\u00e9s autour de l'Antibior\u00e9sistance en France et \u00e0 l'international.","robots":{"index":"index","follow":"follow","max-snippet":"max-snippet:-1","max-image-preview":"max-image-preview:large","max-video-preview":"max-video-preview:-1"},"canonical":"https:\/\/ppr-antibioresistance.inserm.fr\/en\/editorials\/editorial-by-evelyne-jouvin-marche\/","og_locale":"en_GB","og_type":"article","og_title":"Editorial by \u00c9velyne Jouvin-Marche - French\u00a0National ANTIBIOTIC RESISTANCE Portal","og_description":"Informations, \u00e9v\u00e8nements et actualit\u00e9s autour de l'Antibior\u00e9sistance en France et \u00e0 l'international.","og_url":"https:\/\/ppr-antibioresistance.inserm.fr\/en\/editorials\/editorial-by-evelyne-jouvin-marche\/","og_site_name":"French\u00a0National ANTIBIOTIC RESISTANCE Portal","article_published_time":"2020-12-14T12:10:00+00:00","article_modified_time":"2021-06-28T14:21:08+00:00","og_image":[{"width":2560,"height":1703,"url":"https:\/\/ppr-antibioresistance.inserm.fr\/wp-content\/uploads\/2020\/12\/PortraitEvelyneJouvinMarche-scaled.jpg","type":"image\/jpeg"}],"author":"Emmanuel Auchet","twitter_card":"summary_large_image","twitter_misc":{"Written by":"Emmanuel Auchet","Estimated reading time":"3 minutes"},"schema":{"@context":"https:\/\/schema.org","@graph":[{"@type":"NewsArticle","@id":"https:\/\/ppr-antibioresistance.inserm.fr\/en\/editorials\/editorial-by-evelyne-jouvin-marche\/#article","isPartOf":{"@id":"https:\/\/ppr-antibioresistance.inserm.fr\/en\/editorials\/editorial-by-evelyne-jouvin-marche\/"},"author":{"name":"Emmanuel Auchet","@id":"https:\/\/ppr-antibioresistance.inserm.fr\/en\/#\/schema\/person\/dddace6035f5329dbab637f17f7a1ff8"},"headline":"Editorial by \u00c9velyne Jouvin-Marche","datePublished":"2020-12-14T12:10:00+00:00","dateModified":"2021-06-28T14:21:08+00:00","mainEntityOfPage":{"@id":"https:\/\/ppr-antibioresistance.inserm.fr\/en\/editorials\/editorial-by-evelyne-jouvin-marche\/"},"wordCount":665,"publisher":{"@id":"https:\/\/ppr-antibioresistance.inserm.fr\/en\/#organization"},"image":{"@id":"https:\/\/ppr-antibioresistance.inserm.fr\/en\/editorials\/editorial-by-evelyne-jouvin-marche\/#primaryimage"},"thumbnailUrl":"https:\/\/ppr-antibioresistance.inserm.fr\/wp-content\/uploads\/2020\/12\/PortraitEvelyneJouvinMarche-scaled.jpg","articleSection":["Editorials"],"inLanguage":"en-GB"},{"@type":["WebPage","ItemPage"],"@id":"https:\/\/ppr-antibioresistance.inserm.fr\/en\/editorials\/editorial-by-evelyne-jouvin-marche\/","url":"https:\/\/ppr-antibioresistance.inserm.fr\/en\/editorials\/editorial-by-evelyne-jouvin-marche\/","name":"Editorial by \u00c9velyne Jouvin-Marche - French\u00a0National ANTIBIOTIC RESISTANCE Portal","isPartOf":{"@id":"https:\/\/ppr-antibioresistance.inserm.fr\/en\/#website"},"primaryImageOfPage":{"@id":"https:\/\/ppr-antibioresistance.inserm.fr\/en\/editorials\/editorial-by-evelyne-jouvin-marche\/#primaryimage"},"image":{"@id":"https:\/\/ppr-antibioresistance.inserm.fr\/en\/editorials\/editorial-by-evelyne-jouvin-marche\/#primaryimage"},"thumbnailUrl":"https:\/\/ppr-antibioresistance.inserm.fr\/wp-content\/uploads\/2020\/12\/PortraitEvelyneJouvinMarche-scaled.jpg","datePublished":"2020-12-14T12:10:00+00:00","dateModified":"2021-06-28T14:21:08+00:00","description":"Informations, \u00e9v\u00e8nements et actualit\u00e9s autour de l'Antibior\u00e9sistance en France et \u00e0 l'international.","breadcrumb":{"@id":"https:\/\/ppr-antibioresistance.inserm.fr\/en\/editorials\/editorial-by-evelyne-jouvin-marche\/#breadcrumb"},"inLanguage":"en-GB","potentialAction":[{"@type":"ReadAction","target":["https:\/\/ppr-antibioresistance.inserm.fr\/en\/editorials\/editorial-by-evelyne-jouvin-marche\/"]}]},{"@type":"ImageObject","inLanguage":"en-GB","@id":"https:\/\/ppr-antibioresistance.inserm.fr\/en\/editorials\/editorial-by-evelyne-jouvin-marche\/#primaryimage","url":"https:\/\/ppr-antibioresistance.inserm.fr\/wp-content\/uploads\/2020\/12\/PortraitEvelyneJouvinMarche-scaled.jpg","contentUrl":"https:\/\/ppr-antibioresistance.inserm.fr\/wp-content\/uploads\/2020\/12\/PortraitEvelyneJouvinMarche-scaled.jpg","width":2560,"height":1703,"caption":"\u00a9Inserm\/Fran\u00e7ois Gu\u00e9net"},{"@type":"BreadcrumbList","@id":"https:\/\/ppr-antibioresistance.inserm.fr\/en\/editorials\/editorial-by-evelyne-jouvin-marche\/#breadcrumb","itemListElement":[{"@type":"ListItem","position":1,"name":"Home","item":"https:\/\/ppr-antibioresistance.inserm.fr\/en\/"},{"@type":"ListItem","position":2,"name":"Editorials","item":"https:\/\/ppr-antibioresistance.inserm.fr\/en\/editorials\/"},{"@type":"ListItem","position":3,"name":"Editorial by \u00c9velyne Jouvin-Marche"}]},{"@type":"WebSite","@id":"https:\/\/ppr-antibioresistance.inserm.fr\/en\/#website","url":"https:\/\/ppr-antibioresistance.inserm.fr\/en\/","name":"French\u00a0National ANTIBIOTIC RESISTANCE Portal","description":"INSERM - From science to health","publisher":{"@id":"https:\/\/ppr-antibioresistance.inserm.fr\/en\/#organization"},"potentialAction":[{"@type":"SearchAction","target":{"@type":"EntryPoint","urlTemplate":"https:\/\/ppr-antibioresistance.inserm.fr\/en\/?s={search_term_string}"},"query-input":"required name=search_term_string"}],"inLanguage":"en-GB"},{"@type":"Organization","@id":"https:\/\/ppr-antibioresistance.inserm.fr\/en\/#organization","name":"Inserm","url":"https:\/\/ppr-antibioresistance.inserm.fr\/en\/","logo":{"@type":"ImageObject","inLanguage":"en-GB","@id":"https:\/\/ppr-antibioresistance.inserm.fr\/en\/#\/schema\/logo\/image\/","url":"https:\/\/ppr-antibioresistance.inserm.fr\/wp-content\/uploads\/2020\/05\/logo-inserm-ppra.svg","contentUrl":"https:\/\/ppr-antibioresistance.inserm.fr\/wp-content\/uploads\/2020\/05\/logo-inserm-ppra.svg","width":1,"height":1,"caption":"Inserm"},"image":{"@id":"https:\/\/ppr-antibioresistance.inserm.fr\/en\/#\/schema\/logo\/image\/"}},{"@type":"Person","@id":"https:\/\/ppr-antibioresistance.inserm.fr\/en\/#\/schema\/person\/dddace6035f5329dbab637f17f7a1ff8","name":"Emmanuel Auchet"}]}},"publishpress_future_action":{"enabled":false,"date":"2026-05-05 22:37:25","action":"change-status","newStatus":"private","terms":[],"taxonomy":"category"},"post_mailing_queue_ids":[],"_links":{"self":[{"href":"https:\/\/ppr-antibioresistance.inserm.fr\/en\/wp-json\/wp\/v2\/posts\/13401"}],"collection":[{"href":"https:\/\/ppr-antibioresistance.inserm.fr\/en\/wp-json\/wp\/v2\/posts"}],"about":[{"href":"https:\/\/ppr-antibioresistance.inserm.fr\/en\/wp-json\/wp\/v2\/types\/post"}],"author":[{"embeddable":true,"href":"https:\/\/ppr-antibioresistance.inserm.fr\/en\/wp-json\/wp\/v2\/users\/1"}],"replies":[{"embeddable":true,"href":"https:\/\/ppr-antibioresistance.inserm.fr\/en\/wp-json\/wp\/v2\/comments?post=13401"}],"version-history":[{"count":8,"href":"https:\/\/ppr-antibioresistance.inserm.fr\/en\/wp-json\/wp\/v2\/posts\/13401\/revisions"}],"predecessor-version":[{"id":14275,"href":"https:\/\/ppr-antibioresistance.inserm.fr\/en\/wp-json\/wp\/v2\/posts\/13401\/revisions\/14275"}],"wp:featuredmedia":[{"embeddable":true,"href":"https:\/\/ppr-antibioresistance.inserm.fr\/en\/wp-json\/wp\/v2\/media\/10981"}],"wp:attachment":[{"href":"https:\/\/ppr-antibioresistance.inserm.fr\/en\/wp-json\/wp\/v2\/media?parent=13401"}],"wp:term":[{"taxonomy":"category","embeddable":true,"href":"https:\/\/ppr-antibioresistance.inserm.fr\/en\/wp-json\/wp\/v2\/categories?post=13401"},{"taxonomy":"post_tag","embeddable":true,"href":"https:\/\/ppr-antibioresistance.inserm.fr\/en\/wp-json\/wp\/v2\/tags?post=13401"}],"curies":[{"name":"wp","href":"https:\/\/api.w.org\/{rel}","templated":true}]}}