{"id":12481,"date":"2021-04-26T16:35:01","date_gmt":"2021-04-26T15:35:01","guid":{"rendered":"https:\/\/ppr-antibioresistance.inserm.fr\/?p=10565"},"modified":"2021-10-11T15:09:49","modified_gmt":"2021-10-11T14:09:49","slug":"online-congress-31rst-european-congress-of-clinical-microbiology-and-infectious-diseases-eccmid-9-12-july-2021","status":"publish","type":"post","link":"https:\/\/ppr-antibioresistance.inserm.fr\/en\/informations-et-communications\/evenements-colloques\/online-congress-31rst-european-congress-of-clinical-microbiology-and-infectious-diseases-eccmid-9-12-july-2021\/","title":{"rendered":"Online congress: 31rst European Congress of Clinical Microbiology and Infectious Diseases, ECCMID, 9-12 July 2021"},"content":{"rendered":"\n<p><a href=\"https:\/\/www.eccmid.org\/#\" target=\"_blank\" rel=\"noreferrer noopener\">ECCMID<\/a> has become one of the most comprehensive and influential congresses in the field of infection and an exciting networking place bringing together &gt;14,000 colleagues from all over the world. The scientific programme is built by the ECCMID Programme Committee, and independent group of experts representing all disciplines related to clinical microbiology and infectious diseases. The programme is built in two phases, based on submitted session proposals or submitted abstracts.<\/p>\n\n\n\n<p>In the first phase, ESCMID study Groups, ESCMID affiliated\/partner societies and ESCMID committees are invited to submit session proposals, which are then evaluated and selected by the Programme Committee. This first phase typically starts in April with opening the call for session proposals and ends in September with invitation to speakers of Keynote Lectures, Symposia, Educational Workshops, Open Forums and Meet-The-Expert sessions.<\/p>\n\n\n\n<p>The second phase starts with opening the call for abstract submission. Abstracts are first evaluated by external reviewers, then taken into consideration by the Programme Committee for the creation of Oral 1-hour and 2-hour Sessions, Mini-Oral ePoster sessions, Mini-Oral Flash sessions, Paper Poster sessions and ePoster viewing.<\/p>\n\n\n\n<p><strong>See session description here:<\/strong><\/p>\n\n\n\n<p><a href=\"https:\/\/www.eccmid.org\/congress_information\/committees\/programme_committee\/\" target=\"_blank\" rel=\"noreferrer noopener\">ECCMID Programme Committee<\/a><\/p>\n\n\n\n<p><a href=\"https:\/\/www.eccmid.org\/sponsorship\/industry_sessions\/\" target=\"_blank\" rel=\"noreferrer noopener\">ECCMID Industry Sessions<\/a><\/p>\n\n\n\n<p><a href=\"https:\/\/www.eccmid.org\/scientific_programme\/pre_eccmid_days\/\" target=\"_blank\" rel=\"noreferrer noopener\">Pre-ECCMID Days<\/a><\/p>\n\n\n\n<p><a href=\"https:\/\/escmid.reg.key4events.com\/schedule-overview.aspx?e=5&amp;agenda=1&amp;date=20210709_blank\" target=\"_blank\" rel=\"noreferrer noopener\">2021 Programme \u2013 live sync<\/a><\/p>\n\n\n\n<p><a href=\"https:\/\/www.eccmid.org\/scientific_programme\/keynote_fireplace\/\" target=\"_blank\" rel=\"noreferrer noopener\">Programme at a glance<\/a><\/p>\n\n\n\n<p><a href=\"https:\/\/www.eccmid.org\/scientific_programme\/tae_trainees_day_2021\/\" target=\"_blank\" rel=\"noreferrer noopener\">TAE Trainees Day<\/a><\/p>\n\n\n\n<p><a href=\"https:\/\/www.eccmid.org\/scientific_programme\/cmecpd_accreditation\/\" target=\"_blank\" rel=\"noreferrer noopener\">CME\/CPD accreditation<\/a><\/p>\n\n\n\n<p><\/p>\n","protected":false},"excerpt":{"rendered":"<p>ECCMID has become one of the most comprehensive and influential congresses in the field of infection and an exciting networking place bringing together &gt;14,000 colleagues from all over the world. The scientific programme is built by the ECCMID Programme Committee, and independent group of experts representing all disciplines related to clinical microbiology and infectious diseases. [&hellip;]<\/p>\n","protected":false},"author":139,"featured_media":12313,"comment_status":"closed","ping_status":"open","sticky":false,"template":"","format":"standard","meta":{"footnotes":"","_links_to":"","_links_to_target":""},"categories":[35],"tags":[],"acf":[],"yoast_head":"<!-- This site is optimized with the Yoast SEO plugin v22.8 - https:\/\/yoast.com\/wordpress\/plugins\/seo\/ -->\n<title>Online congress: 31rst European Congress of Clinical Microbiology and Infectious Diseases, ECCMID, 9-12 July 2021 - French\u00a0National ANTIBIOTIC RESISTANCE Portal<\/title>\n<meta name=\"description\" content=\"Informations, \u00e9v\u00e8nements et actualit\u00e9s autour de l&#039;Antibior\u00e9sistance en France et \u00e0 l&#039;international.\" \/>\n<meta name=\"robots\" content=\"index, follow, max-snippet:-1, max-image-preview:large, max-video-preview:-1\" \/>\n<link rel=\"canonical\" href=\"https:\/\/ppr-antibioresistance.inserm.fr\/en\/informations-et-communications\/evenements-colloques\/online-congress-31rst-european-congress-of-clinical-microbiology-and-infectious-diseases-eccmid-9-12-july-2021\/\" \/>\n<meta property=\"og:locale\" content=\"en_GB\" \/>\n<meta property=\"og:type\" content=\"article\" \/>\n<meta property=\"og:title\" content=\"Online congress: 31rst European Congress of Clinical Microbiology and Infectious Diseases, ECCMID, 9-12 July 2021 - French\u00a0National ANTIBIOTIC RESISTANCE Portal\" \/>\n<meta property=\"og:description\" content=\"Informations, \u00e9v\u00e8nements et actualit\u00e9s autour de l&#039;Antibior\u00e9sistance en France et \u00e0 l&#039;international.\" \/>\n<meta property=\"og:url\" content=\"https:\/\/ppr-antibioresistance.inserm.fr\/en\/informations-et-communications\/evenements-colloques\/online-congress-31rst-european-congress-of-clinical-microbiology-and-infectious-diseases-eccmid-9-12-july-2021\/\" \/>\n<meta property=\"og:site_name\" content=\"French\u00a0National ANTIBIOTIC RESISTANCE Portal\" \/>\n<meta property=\"article:published_time\" content=\"2021-04-26T15:35:01+00:00\" \/>\n<meta property=\"article:modified_time\" content=\"2021-10-11T14:09:49+00:00\" \/>\n<meta property=\"og:image\" content=\"https:\/\/ppr-antibioresistance.inserm.fr\/wp-content\/uploads\/2021\/04\/Videoconference.jpg\" \/>\n\t<meta property=\"og:image:width\" content=\"793\" \/>\n\t<meta property=\"og:image:height\" content=\"499\" \/>\n\t<meta property=\"og:image:type\" content=\"image\/jpeg\" \/>\n<meta name=\"author\" content=\"\u00c9milie Noguez\" \/>\n<meta name=\"twitter:card\" content=\"summary_large_image\" \/>\n<meta name=\"twitter:label1\" content=\"Written by\" \/>\n\t<meta name=\"twitter:data1\" content=\"\u00c9milie Noguez\" \/>\n\t<meta name=\"twitter:label2\" content=\"Estimated reading time\" \/>\n\t<meta name=\"twitter:data2\" content=\"1 minute\" \/>\n<script type=\"application\/ld+json\" class=\"yoast-schema-graph\">{\"@context\":\"https:\/\/schema.org\",\"@graph\":[{\"@type\":\"NewsArticle\",\"@id\":\"https:\/\/ppr-antibioresistance.inserm.fr\/en\/informations-et-communications\/evenements-colloques\/online-congress-31rst-european-congress-of-clinical-microbiology-and-infectious-diseases-eccmid-9-12-july-2021\/#article\",\"isPartOf\":{\"@id\":\"https:\/\/ppr-antibioresistance.inserm.fr\/en\/informations-et-communications\/evenements-colloques\/online-congress-31rst-european-congress-of-clinical-microbiology-and-infectious-diseases-eccmid-9-12-july-2021\/\"},\"author\":{\"name\":\"\u00c9milie Noguez\",\"@id\":\"https:\/\/ppr-antibioresistance.inserm.fr\/en\/#\/schema\/person\/6ae79ca06cbeaec66ef5e976b54606b3\"},\"headline\":\"Online congress: 31rst European Congress of Clinical Microbiology and Infectious Diseases, ECCMID, 9-12 July 2021\",\"datePublished\":\"2021-04-26T15:35:01+00:00\",\"dateModified\":\"2021-10-11T14:09:49+00:00\",\"mainEntityOfPage\":{\"@id\":\"https:\/\/ppr-antibioresistance.inserm.fr\/en\/informations-et-communications\/evenements-colloques\/online-congress-31rst-european-congress-of-clinical-microbiology-and-infectious-diseases-eccmid-9-12-july-2021\/\"},\"wordCount\":219,\"publisher\":{\"@id\":\"https:\/\/ppr-antibioresistance.inserm.fr\/en\/#organization\"},\"image\":{\"@id\":\"https:\/\/ppr-antibioresistance.inserm.fr\/en\/informations-et-communications\/evenements-colloques\/online-congress-31rst-european-congress-of-clinical-microbiology-and-infectious-diseases-eccmid-9-12-july-2021\/#primaryimage\"},\"thumbnailUrl\":\"https:\/\/ppr-antibioresistance.inserm.fr\/wp-content\/uploads\/2021\/04\/Videoconference.jpg\",\"articleSection\":[\"Ev\u00e8nements &amp; Colloques\"],\"inLanguage\":\"en-GB\"},{\"@type\":[\"WebPage\",\"ItemPage\"],\"@id\":\"https:\/\/ppr-antibioresistance.inserm.fr\/en\/informations-et-communications\/evenements-colloques\/online-congress-31rst-european-congress-of-clinical-microbiology-and-infectious-diseases-eccmid-9-12-july-2021\/\",\"url\":\"https:\/\/ppr-antibioresistance.inserm.fr\/en\/informations-et-communications\/evenements-colloques\/online-congress-31rst-european-congress-of-clinical-microbiology-and-infectious-diseases-eccmid-9-12-july-2021\/\",\"name\":\"Online congress: 31rst European Congress of Clinical Microbiology and Infectious Diseases, ECCMID, 9-12 July 2021 - French\u00a0National ANTIBIOTIC RESISTANCE Portal\",\"isPartOf\":{\"@id\":\"https:\/\/ppr-antibioresistance.inserm.fr\/en\/#website\"},\"primaryImageOfPage\":{\"@id\":\"https:\/\/ppr-antibioresistance.inserm.fr\/en\/informations-et-communications\/evenements-colloques\/online-congress-31rst-european-congress-of-clinical-microbiology-and-infectious-diseases-eccmid-9-12-july-2021\/#primaryimage\"},\"image\":{\"@id\":\"https:\/\/ppr-antibioresistance.inserm.fr\/en\/informations-et-communications\/evenements-colloques\/online-congress-31rst-european-congress-of-clinical-microbiology-and-infectious-diseases-eccmid-9-12-july-2021\/#primaryimage\"},\"thumbnailUrl\":\"https:\/\/ppr-antibioresistance.inserm.fr\/wp-content\/uploads\/2021\/04\/Videoconference.jpg\",\"datePublished\":\"2021-04-26T15:35:01+00:00\",\"dateModified\":\"2021-10-11T14:09:49+00:00\",\"description\":\"Informations, \u00e9v\u00e8nements et actualit\u00e9s autour de l'Antibior\u00e9sistance en France et \u00e0 l'international.\",\"breadcrumb\":{\"@id\":\"https:\/\/ppr-antibioresistance.inserm.fr\/en\/informations-et-communications\/evenements-colloques\/online-congress-31rst-european-congress-of-clinical-microbiology-and-infectious-diseases-eccmid-9-12-july-2021\/#breadcrumb\"},\"inLanguage\":\"en-GB\",\"potentialAction\":[{\"@type\":\"ReadAction\",\"target\":[\"https:\/\/ppr-antibioresistance.inserm.fr\/en\/informations-et-communications\/evenements-colloques\/online-congress-31rst-european-congress-of-clinical-microbiology-and-infectious-diseases-eccmid-9-12-july-2021\/\"]}]},{\"@type\":\"ImageObject\",\"inLanguage\":\"en-GB\",\"@id\":\"https:\/\/ppr-antibioresistance.inserm.fr\/en\/informations-et-communications\/evenements-colloques\/online-congress-31rst-european-congress-of-clinical-microbiology-and-infectious-diseases-eccmid-9-12-july-2021\/#primaryimage\",\"url\":\"https:\/\/ppr-antibioresistance.inserm.fr\/wp-content\/uploads\/2021\/04\/Videoconference.jpg\",\"contentUrl\":\"https:\/\/ppr-antibioresistance.inserm.fr\/wp-content\/uploads\/2021\/04\/Videoconference.jpg\",\"width\":793,\"height\":499,\"caption\":\"Cr\u00e9dit : Pixabay\"},{\"@type\":\"BreadcrumbList\",\"@id\":\"https:\/\/ppr-antibioresistance.inserm.fr\/en\/informations-et-communications\/evenements-colloques\/online-congress-31rst-european-congress-of-clinical-microbiology-and-infectious-diseases-eccmid-9-12-july-2021\/#breadcrumb\",\"itemListElement\":[{\"@type\":\"ListItem\",\"position\":1,\"name\":\"Home\",\"item\":\"https:\/\/ppr-antibioresistance.inserm.fr\/en\/\"},{\"@type\":\"ListItem\",\"position\":2,\"name\":\"Practical info &amp; communications\",\"item\":\"https:\/\/ppr-antibioresistance.inserm.fr\/en\/info-communication\/\"},{\"@type\":\"ListItem\",\"position\":3,\"name\":\"Events &amp; Conferences\",\"item\":\"https:\/\/ppr-antibioresistance.inserm.fr\/en\/info-communication\/events-conferences\/\"},{\"@type\":\"ListItem\",\"position\":4,\"name\":\"Online congress: 31rst European Congress of Clinical Microbiology and Infectious Diseases, ECCMID, 9-12 July 2021\"}]},{\"@type\":\"WebSite\",\"@id\":\"https:\/\/ppr-antibioresistance.inserm.fr\/en\/#website\",\"url\":\"https:\/\/ppr-antibioresistance.inserm.fr\/en\/\",\"name\":\"French\u00a0National ANTIBIOTIC RESISTANCE Portal\",\"description\":\"INSERM - From science to health\",\"publisher\":{\"@id\":\"https:\/\/ppr-antibioresistance.inserm.fr\/en\/#organization\"},\"potentialAction\":[{\"@type\":\"SearchAction\",\"target\":{\"@type\":\"EntryPoint\",\"urlTemplate\":\"https:\/\/ppr-antibioresistance.inserm.fr\/en\/?s={search_term_string}\"},\"query-input\":\"required name=search_term_string\"}],\"inLanguage\":\"en-GB\"},{\"@type\":\"Organization\",\"@id\":\"https:\/\/ppr-antibioresistance.inserm.fr\/en\/#organization\",\"name\":\"Inserm\",\"url\":\"https:\/\/ppr-antibioresistance.inserm.fr\/en\/\",\"logo\":{\"@type\":\"ImageObject\",\"inLanguage\":\"en-GB\",\"@id\":\"https:\/\/ppr-antibioresistance.inserm.fr\/en\/#\/schema\/logo\/image\/\",\"url\":\"https:\/\/ppr-antibioresistance.inserm.fr\/wp-content\/uploads\/2020\/05\/logo-inserm-ppra.svg\",\"contentUrl\":\"https:\/\/ppr-antibioresistance.inserm.fr\/wp-content\/uploads\/2020\/05\/logo-inserm-ppra.svg\",\"width\":1,\"height\":1,\"caption\":\"Inserm\"},\"image\":{\"@id\":\"https:\/\/ppr-antibioresistance.inserm.fr\/en\/#\/schema\/logo\/image\/\"}},{\"@type\":\"Person\",\"@id\":\"https:\/\/ppr-antibioresistance.inserm.fr\/en\/#\/schema\/person\/6ae79ca06cbeaec66ef5e976b54606b3\",\"name\":\"\u00c9milie Noguez\"}]}<\/script>\n<!-- \/ Yoast SEO plugin. -->","yoast_head_json":{"title":"Online congress: 31rst European Congress of Clinical Microbiology and Infectious Diseases, ECCMID, 9-12 July 2021 - French\u00a0National ANTIBIOTIC RESISTANCE Portal","description":"Informations, \u00e9v\u00e8nements et actualit\u00e9s autour de l'Antibior\u00e9sistance en France et \u00e0 l'international.","robots":{"index":"index","follow":"follow","max-snippet":"max-snippet:-1","max-image-preview":"max-image-preview:large","max-video-preview":"max-video-preview:-1"},"canonical":"https:\/\/ppr-antibioresistance.inserm.fr\/en\/informations-et-communications\/evenements-colloques\/online-congress-31rst-european-congress-of-clinical-microbiology-and-infectious-diseases-eccmid-9-12-july-2021\/","og_locale":"en_GB","og_type":"article","og_title":"Online congress: 31rst European Congress of Clinical Microbiology and Infectious Diseases, ECCMID, 9-12 July 2021 - French\u00a0National ANTIBIOTIC RESISTANCE Portal","og_description":"Informations, \u00e9v\u00e8nements et actualit\u00e9s autour de l'Antibior\u00e9sistance en France et \u00e0 l'international.","og_url":"https:\/\/ppr-antibioresistance.inserm.fr\/en\/informations-et-communications\/evenements-colloques\/online-congress-31rst-european-congress-of-clinical-microbiology-and-infectious-diseases-eccmid-9-12-july-2021\/","og_site_name":"French\u00a0National ANTIBIOTIC RESISTANCE Portal","article_published_time":"2021-04-26T15:35:01+00:00","article_modified_time":"2021-10-11T14:09:49+00:00","og_image":[{"width":793,"height":499,"url":"https:\/\/ppr-antibioresistance.inserm.fr\/wp-content\/uploads\/2021\/04\/Videoconference.jpg","type":"image\/jpeg"}],"author":"\u00c9milie Noguez","twitter_card":"summary_large_image","twitter_misc":{"Written by":"\u00c9milie Noguez","Estimated reading time":"1 minute"},"schema":{"@context":"https:\/\/schema.org","@graph":[{"@type":"NewsArticle","@id":"https:\/\/ppr-antibioresistance.inserm.fr\/en\/informations-et-communications\/evenements-colloques\/online-congress-31rst-european-congress-of-clinical-microbiology-and-infectious-diseases-eccmid-9-12-july-2021\/#article","isPartOf":{"@id":"https:\/\/ppr-antibioresistance.inserm.fr\/en\/informations-et-communications\/evenements-colloques\/online-congress-31rst-european-congress-of-clinical-microbiology-and-infectious-diseases-eccmid-9-12-july-2021\/"},"author":{"name":"\u00c9milie Noguez","@id":"https:\/\/ppr-antibioresistance.inserm.fr\/en\/#\/schema\/person\/6ae79ca06cbeaec66ef5e976b54606b3"},"headline":"Online congress: 31rst European Congress of Clinical Microbiology and Infectious Diseases, ECCMID, 9-12 July 2021","datePublished":"2021-04-26T15:35:01+00:00","dateModified":"2021-10-11T14:09:49+00:00","mainEntityOfPage":{"@id":"https:\/\/ppr-antibioresistance.inserm.fr\/en\/informations-et-communications\/evenements-colloques\/online-congress-31rst-european-congress-of-clinical-microbiology-and-infectious-diseases-eccmid-9-12-july-2021\/"},"wordCount":219,"publisher":{"@id":"https:\/\/ppr-antibioresistance.inserm.fr\/en\/#organization"},"image":{"@id":"https:\/\/ppr-antibioresistance.inserm.fr\/en\/informations-et-communications\/evenements-colloques\/online-congress-31rst-european-congress-of-clinical-microbiology-and-infectious-diseases-eccmid-9-12-july-2021\/#primaryimage"},"thumbnailUrl":"https:\/\/ppr-antibioresistance.inserm.fr\/wp-content\/uploads\/2021\/04\/Videoconference.jpg","articleSection":["Ev\u00e8nements &amp; Colloques"],"inLanguage":"en-GB"},{"@type":["WebPage","ItemPage"],"@id":"https:\/\/ppr-antibioresistance.inserm.fr\/en\/informations-et-communications\/evenements-colloques\/online-congress-31rst-european-congress-of-clinical-microbiology-and-infectious-diseases-eccmid-9-12-july-2021\/","url":"https:\/\/ppr-antibioresistance.inserm.fr\/en\/informations-et-communications\/evenements-colloques\/online-congress-31rst-european-congress-of-clinical-microbiology-and-infectious-diseases-eccmid-9-12-july-2021\/","name":"Online congress: 31rst European Congress of Clinical Microbiology and Infectious Diseases, ECCMID, 9-12 July 2021 - French\u00a0National ANTIBIOTIC RESISTANCE Portal","isPartOf":{"@id":"https:\/\/ppr-antibioresistance.inserm.fr\/en\/#website"},"primaryImageOfPage":{"@id":"https:\/\/ppr-antibioresistance.inserm.fr\/en\/informations-et-communications\/evenements-colloques\/online-congress-31rst-european-congress-of-clinical-microbiology-and-infectious-diseases-eccmid-9-12-july-2021\/#primaryimage"},"image":{"@id":"https:\/\/ppr-antibioresistance.inserm.fr\/en\/informations-et-communications\/evenements-colloques\/online-congress-31rst-european-congress-of-clinical-microbiology-and-infectious-diseases-eccmid-9-12-july-2021\/#primaryimage"},"thumbnailUrl":"https:\/\/ppr-antibioresistance.inserm.fr\/wp-content\/uploads\/2021\/04\/Videoconference.jpg","datePublished":"2021-04-26T15:35:01+00:00","dateModified":"2021-10-11T14:09:49+00:00","description":"Informations, \u00e9v\u00e8nements et actualit\u00e9s autour de l'Antibior\u00e9sistance en France et \u00e0 l'international.","breadcrumb":{"@id":"https:\/\/ppr-antibioresistance.inserm.fr\/en\/informations-et-communications\/evenements-colloques\/online-congress-31rst-european-congress-of-clinical-microbiology-and-infectious-diseases-eccmid-9-12-july-2021\/#breadcrumb"},"inLanguage":"en-GB","potentialAction":[{"@type":"ReadAction","target":["https:\/\/ppr-antibioresistance.inserm.fr\/en\/informations-et-communications\/evenements-colloques\/online-congress-31rst-european-congress-of-clinical-microbiology-and-infectious-diseases-eccmid-9-12-july-2021\/"]}]},{"@type":"ImageObject","inLanguage":"en-GB","@id":"https:\/\/ppr-antibioresistance.inserm.fr\/en\/informations-et-communications\/evenements-colloques\/online-congress-31rst-european-congress-of-clinical-microbiology-and-infectious-diseases-eccmid-9-12-july-2021\/#primaryimage","url":"https:\/\/ppr-antibioresistance.inserm.fr\/wp-content\/uploads\/2021\/04\/Videoconference.jpg","contentUrl":"https:\/\/ppr-antibioresistance.inserm.fr\/wp-content\/uploads\/2021\/04\/Videoconference.jpg","width":793,"height":499,"caption":"Cr\u00e9dit : Pixabay"},{"@type":"BreadcrumbList","@id":"https:\/\/ppr-antibioresistance.inserm.fr\/en\/informations-et-communications\/evenements-colloques\/online-congress-31rst-european-congress-of-clinical-microbiology-and-infectious-diseases-eccmid-9-12-july-2021\/#breadcrumb","itemListElement":[{"@type":"ListItem","position":1,"name":"Home","item":"https:\/\/ppr-antibioresistance.inserm.fr\/en\/"},{"@type":"ListItem","position":2,"name":"Practical info &amp; communications","item":"https:\/\/ppr-antibioresistance.inserm.fr\/en\/info-communication\/"},{"@type":"ListItem","position":3,"name":"Events &amp; Conferences","item":"https:\/\/ppr-antibioresistance.inserm.fr\/en\/info-communication\/events-conferences\/"},{"@type":"ListItem","position":4,"name":"Online congress: 31rst European Congress of Clinical Microbiology and Infectious Diseases, ECCMID, 9-12 July 2021"}]},{"@type":"WebSite","@id":"https:\/\/ppr-antibioresistance.inserm.fr\/en\/#website","url":"https:\/\/ppr-antibioresistance.inserm.fr\/en\/","name":"French\u00a0National ANTIBIOTIC RESISTANCE Portal","description":"INSERM - From science to health","publisher":{"@id":"https:\/\/ppr-antibioresistance.inserm.fr\/en\/#organization"},"potentialAction":[{"@type":"SearchAction","target":{"@type":"EntryPoint","urlTemplate":"https:\/\/ppr-antibioresistance.inserm.fr\/en\/?s={search_term_string}"},"query-input":"required name=search_term_string"}],"inLanguage":"en-GB"},{"@type":"Organization","@id":"https:\/\/ppr-antibioresistance.inserm.fr\/en\/#organization","name":"Inserm","url":"https:\/\/ppr-antibioresistance.inserm.fr\/en\/","logo":{"@type":"ImageObject","inLanguage":"en-GB","@id":"https:\/\/ppr-antibioresistance.inserm.fr\/en\/#\/schema\/logo\/image\/","url":"https:\/\/ppr-antibioresistance.inserm.fr\/wp-content\/uploads\/2020\/05\/logo-inserm-ppra.svg","contentUrl":"https:\/\/ppr-antibioresistance.inserm.fr\/wp-content\/uploads\/2020\/05\/logo-inserm-ppra.svg","width":1,"height":1,"caption":"Inserm"},"image":{"@id":"https:\/\/ppr-antibioresistance.inserm.fr\/en\/#\/schema\/logo\/image\/"}},{"@type":"Person","@id":"https:\/\/ppr-antibioresistance.inserm.fr\/en\/#\/schema\/person\/6ae79ca06cbeaec66ef5e976b54606b3","name":"\u00c9milie Noguez"}]}},"publishpress_future_action":{"enabled":false,"date":"2026-05-05 00:48:27","action":"change-status","newStatus":"private","terms":[],"taxonomy":"category"},"post_mailing_queue_ids":[],"_links":{"self":[{"href":"https:\/\/ppr-antibioresistance.inserm.fr\/en\/wp-json\/wp\/v2\/posts\/12481"}],"collection":[{"href":"https:\/\/ppr-antibioresistance.inserm.fr\/en\/wp-json\/wp\/v2\/posts"}],"about":[{"href":"https:\/\/ppr-antibioresistance.inserm.fr\/en\/wp-json\/wp\/v2\/types\/post"}],"author":[{"embeddable":true,"href":"https:\/\/ppr-antibioresistance.inserm.fr\/en\/wp-json\/wp\/v2\/users\/139"}],"replies":[{"embeddable":true,"href":"https:\/\/ppr-antibioresistance.inserm.fr\/en\/wp-json\/wp\/v2\/comments?post=12481"}],"version-history":[{"count":2,"href":"https:\/\/ppr-antibioresistance.inserm.fr\/en\/wp-json\/wp\/v2\/posts\/12481\/revisions"}],"predecessor-version":[{"id":17873,"href":"https:\/\/ppr-antibioresistance.inserm.fr\/en\/wp-json\/wp\/v2\/posts\/12481\/revisions\/17873"}],"wp:featuredmedia":[{"embeddable":true,"href":"https:\/\/ppr-antibioresistance.inserm.fr\/en\/wp-json\/wp\/v2\/media\/12313"}],"wp:attachment":[{"href":"https:\/\/ppr-antibioresistance.inserm.fr\/en\/wp-json\/wp\/v2\/media?parent=12481"}],"wp:term":[{"taxonomy":"category","embeddable":true,"href":"https:\/\/ppr-antibioresistance.inserm.fr\/en\/wp-json\/wp\/v2\/categories?post=12481"},{"taxonomy":"post_tag","embeddable":true,"href":"https:\/\/ppr-antibioresistance.inserm.fr\/en\/wp-json\/wp\/v2\/tags?post=12481"}],"curies":[{"name":"wp","href":"https:\/\/api.w.org\/{rel}","templated":true}]}}